{"id":77654,"date":"2021-06-16T12:26:26","date_gmt":"2021-06-16T15:26:26","guid":{"rendered":"https:\/\/tvtecjundiai.com.br\/news\/?p=77654"},"modified":"2021-06-16T12:26:31","modified_gmt":"2021-06-16T15:26:31","slug":"mes-do-patrimonio-inscricoes-abertas-para-a-9a-edicao-do-simposio","status":"publish","type":"post","link":"https:\/\/tvtecjundiai.com.br\/news\/2021\/06\/16\/mes-do-patrimonio-inscricoes-abertas-para-a-9a-edicao-do-simposio\/","title":{"rendered":"M\u00eas do Patrim\u00f4nio: Inscri\u00e7\u00f5es abertas para a 9\u00aa edi\u00e7\u00e3o do Simp\u00f3sio"},"content":{"rendered":"\n<p>J\u00e1 est\u00e3o abertas as inscri\u00e7\u00f5es para os interessados em participar das atividades da 9\u00aa edi\u00e7\u00e3o do Simp\u00f3sio do Patrim\u00f4nio Material e Imaterial, que traz como tema \u201cTurismo, Territ\u00f3rio e Educa\u00e7\u00e3o Patrimonial: desafios no contexto da pandemia da COVID-19\u201d.<\/p>\n\n\n\n<figure class=\"wp-block-image size-large\"><img loading=\"lazy\" decoding=\"async\" width=\"1200\" height=\"800\" src=\"https:\/\/tvtecjundiai.com.br\/news\/wp-content\/uploads\/sites\/2\/2021\/06\/complexo-fepasa-1200x800.jpg\" alt=\"\" class=\"wp-image-77655\" srcset=\"https:\/\/tvtecjundiai.com.br\/news\/wp-content\/uploads\/sites\/2\/2021\/06\/complexo-fepasa-1200x800.jpg 1200w, https:\/\/tvtecjundiai.com.br\/news\/wp-content\/uploads\/sites\/2\/2021\/06\/complexo-fepasa-300x200.jpg 300w, https:\/\/tvtecjundiai.com.br\/news\/wp-content\/uploads\/sites\/2\/2021\/06\/complexo-fepasa-768x512.jpg 768w, https:\/\/tvtecjundiai.com.br\/news\/wp-content\/uploads\/sites\/2\/2021\/06\/complexo-fepasa.jpg 1280w\" sizes=\"auto, (max-width: 1200px) 100vw, 1200px\" \/><\/figure>\n\n\n\n<p>Numa promo\u00e7\u00e3o do Departamento de Patrim\u00f4nio Hist\u00f3rico (DPH) da Unidade de Gest\u00e3o de Cultura, com apoio do Centro Paula Souza e&nbsp; das Fatec Jundia\u00ed e Fatec Itu, o simp\u00f3sio ser\u00e1 online e acontecer\u00e1 de 25 a 28 de agosto e tem como objetivo ampliar a discuss\u00e3o sobre o Patrim\u00f4nio Cultural Material e Imaterial da cidade e de todo pa\u00eds, bem como reunir historiadores, arquitetos, professores, alunos e p\u00fablico em geral interessado no tema.<\/p>\n\n\n\n<p>O Simp\u00f3sio faz parte do&nbsp;M\u00eas do Patrim\u00f4nio Hist\u00f3rico e Cultural&nbsp;e trar\u00e1 as discuss\u00f5es acad\u00eamicas por meio de webconfer\u00eancias em tr\u00eas eixos tem\u00e1ticos: Educa\u00e7\u00e3o Patrimonial, Cultura e Trabalho; Planejamento Territorial e o Direito \u00e0 cidade e Turismo Cultural e Patrim\u00f4nio<\/p>\n\n\n\n<p>\u00a0As inscri\u00e7\u00f5es podem ser realizadas no site\u00a0<a href=\"http:\/\/www.even3.com.br\/simposiopatrimoniojundiai\">www.even3.com.br\/simposiopatrimoniojundiai<\/a><\/p>\n\n\n\n<p><em>(Texto\/Imagem: Prefeitura de Jundia\u00ed)<\/em><\/p>\n","protected":false},"excerpt":{"rendered":"<p>O tema ser\u00e1 \u201cTurismo, Territ\u00f3rio e Educa\u00e7\u00e3o Patrimonial: desafios no contexto da pandemia da COVID-19\u201d<\/p>\n","protected":false},"author":28,"featured_media":77655,"comment_status":"closed","ping_status":"closed","sticky":false,"template":"","format":"standard","meta":{"footnotes":""},"categories":[8356,1],"tags":[],"class_list":["post-77654","post","type-post","status-publish","format-standard","has-post-thumbnail","hentry","category-jundiai","category-noticias"],"_links":{"self":[{"href":"https:\/\/tvtecjundiai.com.br\/news\/wp-json\/wp\/v2\/posts\/77654","targetHints":{"allow":["GET"]}}],"collection":[{"href":"https:\/\/tvtecjundiai.com.br\/news\/wp-json\/wp\/v2\/posts"}],"about":[{"href":"https:\/\/tvtecjundiai.com.br\/news\/wp-json\/wp\/v2\/types\/post"}],"author":[{"embeddable":true,"href":"https:\/\/tvtecjundiai.com.br\/news\/wp-json\/wp\/v2\/users\/28"}],"replies":[{"embeddable":true,"href":"https:\/\/tvtecjundiai.com.br\/news\/wp-json\/wp\/v2\/comments?post=77654"}],"version-history":[{"count":1,"href":"https:\/\/tvtecjundiai.com.br\/news\/wp-json\/wp\/v2\/posts\/77654\/revisions"}],"predecessor-version":[{"id":77656,"href":"https:\/\/tvtecjundiai.com.br\/news\/wp-json\/wp\/v2\/posts\/77654\/revisions\/77656"}],"wp:featuredmedia":[{"embeddable":true,"href":"https:\/\/tvtecjundiai.com.br\/news\/wp-json\/wp\/v2\/media\/77655"}],"wp:attachment":[{"href":"https:\/\/tvtecjundiai.com.br\/news\/wp-json\/wp\/v2\/media?parent=77654"}],"wp:term":[{"taxonomy":"category","embeddable":true,"href":"https:\/\/tvtecjundiai.com.br\/news\/wp-json\/wp\/v2\/categories?post=77654"},{"taxonomy":"post_tag","embeddable":true,"href":"https:\/\/tvtecjundiai.com.br\/news\/wp-json\/wp\/v2\/tags?post=77654"}],"curies":[{"name":"wp","href":"https:\/\/api.w.org\/{rel}","templated":true}]}}