{"id":77660,"date":"2021-06-16T13:08:34","date_gmt":"2021-06-16T16:08:34","guid":{"rendered":"https:\/\/tvtecjundiai.com.br\/news\/?p=77660"},"modified":"2021-06-16T13:16:58","modified_gmt":"2021-06-16T16:16:58","slug":"governo-de-sp-anuncia-volta-as-aulas-de-maneira-presencial-para-o-mes-de-agosto","status":"publish","type":"post","link":"https:\/\/tvtecjundiai.com.br\/news\/2021\/06\/16\/governo-de-sp-anuncia-volta-as-aulas-de-maneira-presencial-para-o-mes-de-agosto\/","title":{"rendered":"Governo de SP anuncia volta \u00e0s aulas de maneira presencial para o m\u00eas de agosto"},"content":{"rendered":"\n<p>O governador de S\u00e3o Paulo Jo\u00e3o Doria (PSDB-SP) anunciou a amplia\u00e7\u00e3o da abertura das escolas a partir de agosto. No novo plano, as aulas poder\u00e3o voltar a ser totalmente presenciais. O n\u00famero limite de pessoas na sala ficar\u00e1 a crit\u00e9rio das pr\u00f3prias  escolas. Deve-se respeitar, no entanto, o distanciamento de um metro entre os alunos e professores. At\u00e9 agora, o limite m\u00e1ximo era de 35%. <\/p>\n\n\n\n<p>A volta presencial n\u00e3o ser\u00e1 obrigat\u00f3ria, ao menos durante o m\u00eas de agosto.<\/p>\n\n\n\n<figure class=\"wp-block-image size-large\"><img loading=\"lazy\" decoding=\"async\" width=\"1200\" height=\"720\" src=\"https:\/\/tvtecjundiai.com.br\/news\/wp-content\/uploads\/sites\/2\/2021\/04\/50824714518_db9aa55d4d_k-1.jpg\" alt=\"\" class=\"wp-image-74851\" srcset=\"https:\/\/tvtecjundiai.com.br\/news\/wp-content\/uploads\/sites\/2\/2021\/04\/50824714518_db9aa55d4d_k-1.jpg 1200w, https:\/\/tvtecjundiai.com.br\/news\/wp-content\/uploads\/sites\/2\/2021\/04\/50824714518_db9aa55d4d_k-1-300x180.jpg 300w, https:\/\/tvtecjundiai.com.br\/news\/wp-content\/uploads\/sites\/2\/2021\/04\/50824714518_db9aa55d4d_k-1-768x461.jpg 768w\" sizes=\"auto, (max-width: 1200px) 100vw, 1200px\" \/><\/figure>\n\n\n\n<p><em>(Texto: Veja SP\/Imagem: TVTEC)<\/em><\/p>\n","protected":false},"excerpt":{"rendered":"<p>Retomada foi anunciada em live realizada na manh\u00e3 desta quarta-feira (16)<\/p>\n","protected":false},"author":28,"featured_media":74851,"comment_status":"closed","ping_status":"closed","sticky":false,"template":"","format":"standard","meta":{"footnotes":""},"categories":[8356,1],"tags":[],"class_list":["post-77660","post","type-post","status-publish","format-standard","has-post-thumbnail","hentry","category-jundiai","category-noticias"],"_links":{"self":[{"href":"https:\/\/tvtecjundiai.com.br\/news\/wp-json\/wp\/v2\/posts\/77660","targetHints":{"allow":["GET"]}}],"collection":[{"href":"https:\/\/tvtecjundiai.com.br\/news\/wp-json\/wp\/v2\/posts"}],"about":[{"href":"https:\/\/tvtecjundiai.com.br\/news\/wp-json\/wp\/v2\/types\/post"}],"author":[{"embeddable":true,"href":"https:\/\/tvtecjundiai.com.br\/news\/wp-json\/wp\/v2\/users\/28"}],"replies":[{"embeddable":true,"href":"https:\/\/tvtecjundiai.com.br\/news\/wp-json\/wp\/v2\/comments?post=77660"}],"version-history":[{"count":3,"href":"https:\/\/tvtecjundiai.com.br\/news\/wp-json\/wp\/v2\/posts\/77660\/revisions"}],"predecessor-version":[{"id":77663,"href":"https:\/\/tvtecjundiai.com.br\/news\/wp-json\/wp\/v2\/posts\/77660\/revisions\/77663"}],"wp:featuredmedia":[{"embeddable":true,"href":"https:\/\/tvtecjundiai.com.br\/news\/wp-json\/wp\/v2\/media\/74851"}],"wp:attachment":[{"href":"https:\/\/tvtecjundiai.com.br\/news\/wp-json\/wp\/v2\/media?parent=77660"}],"wp:term":[{"taxonomy":"category","embeddable":true,"href":"https:\/\/tvtecjundiai.com.br\/news\/wp-json\/wp\/v2\/categories?post=77660"},{"taxonomy":"post_tag","embeddable":true,"href":"https:\/\/tvtecjundiai.com.br\/news\/wp-json\/wp\/v2\/tags?post=77660"}],"curies":[{"name":"wp","href":"https:\/\/api.w.org\/{rel}","templated":true}]}}