{"id":77666,"date":"2021-06-16T13:46:01","date_gmt":"2021-06-16T16:46:01","guid":{"rendered":"https:\/\/tvtecjundiai.com.br\/news\/?p=77666"},"modified":"2021-06-16T15:16:44","modified_gmt":"2021-06-16T18:16:44","slug":"advogado-jundiaiense-e-esposa-falecem-de-covid-19-no-mesmo-dia","status":"publish","type":"post","link":"https:\/\/tvtecjundiai.com.br\/news\/2021\/06\/16\/advogado-jundiaiense-e-esposa-falecem-de-covid-19-no-mesmo-dia\/","title":{"rendered":"Advogado jundiaiense e esposa falecem de COVID-19 no mesmo dia"},"content":{"rendered":"\n<p>Faleceu nesta quarta-feira (16), o advogado Edson Aparecido da Rocha, em decorr\u00eancia da COVID-19. O advogado trabalhou como secret\u00e1rio de Neg\u00f3cios Jur\u00eddicos da Prefeitura de Jundia\u00ed. A esposa de Edson, Roseli Santana Rocha, que tamb\u00e9m foi diagnosticada com COVID-19 e se tratava em casa, n\u00e3o resistiu \u00e0 doen\u00e7a e veio \u00e0 \u00f3bito na tarde desta quarta-feira.<\/p>\n\n\n\n<p>De acordo com publica\u00e7\u00f5es de conhecidos nas redes sociais, Edson chegou a ficar dias internado em UTI, mas seu quadro de sa\u00fade piorou e infelizmente, ele n\u00e3o resistiu.&nbsp;<\/p>\n\n\n\n<p>O casal deixa um filho adolescente, Jo\u00e3o Pedro. Jo\u00e3o tamb\u00e9m foi diagnosticado com COVID-19, mas conseguiu se recuperar. <\/p>\n\n\n\n<div class=\"wp-block-image\"><figure class=\"aligncenter size-large is-resized\"><img loading=\"lazy\" decoding=\"async\" src=\"https:\/\/tvtecjundiai.com.br\/news\/wp-content\/uploads\/sites\/2\/2021\/06\/edson.jpg\" alt=\"\" class=\"wp-image-77667\" width=\"375\" height=\"509\" srcset=\"https:\/\/tvtecjundiai.com.br\/news\/wp-content\/uploads\/sites\/2\/2021\/06\/edson.jpg 458w, https:\/\/tvtecjundiai.com.br\/news\/wp-content\/uploads\/sites\/2\/2021\/06\/edson-300x407.jpg 300w\" sizes=\"auto, (max-width: 375px) 100vw, 375px\" \/><figcaption>Edson Rocha faleceu de COVID-19 nesta quarta-feira (16)<\/figcaption><\/figure><\/div>\n\n\n\n<p><em>(Texto: TVTEC\/Imagem: Arquivo Pessoal)<\/em><\/p>\n","protected":false},"excerpt":{"rendered":"<p>Edson Rocha foi secret\u00e1rio de Neg\u00f3cios Jur\u00eddicos da Prefeitura de Jundia\u00ed<\/p>\n","protected":false},"author":28,"featured_media":77678,"comment_status":"closed","ping_status":"closed","sticky":false,"template":"","format":"standard","meta":{"footnotes":""},"categories":[8356,1],"tags":[],"class_list":["post-77666","post","type-post","status-publish","format-standard","has-post-thumbnail","hentry","category-jundiai","category-noticias"],"_links":{"self":[{"href":"https:\/\/tvtecjundiai.com.br\/news\/wp-json\/wp\/v2\/posts\/77666","targetHints":{"allow":["GET"]}}],"collection":[{"href":"https:\/\/tvtecjundiai.com.br\/news\/wp-json\/wp\/v2\/posts"}],"about":[{"href":"https:\/\/tvtecjundiai.com.br\/news\/wp-json\/wp\/v2\/types\/post"}],"author":[{"embeddable":true,"href":"https:\/\/tvtecjundiai.com.br\/news\/wp-json\/wp\/v2\/users\/28"}],"replies":[{"embeddable":true,"href":"https:\/\/tvtecjundiai.com.br\/news\/wp-json\/wp\/v2\/comments?post=77666"}],"version-history":[{"count":2,"href":"https:\/\/tvtecjundiai.com.br\/news\/wp-json\/wp\/v2\/posts\/77666\/revisions"}],"predecessor-version":[{"id":77671,"href":"https:\/\/tvtecjundiai.com.br\/news\/wp-json\/wp\/v2\/posts\/77666\/revisions\/77671"}],"wp:featuredmedia":[{"embeddable":true,"href":"https:\/\/tvtecjundiai.com.br\/news\/wp-json\/wp\/v2\/media\/77678"}],"wp:attachment":[{"href":"https:\/\/tvtecjundiai.com.br\/news\/wp-json\/wp\/v2\/media?parent=77666"}],"wp:term":[{"taxonomy":"category","embeddable":true,"href":"https:\/\/tvtecjundiai.com.br\/news\/wp-json\/wp\/v2\/categories?post=77666"},{"taxonomy":"post_tag","embeddable":true,"href":"https:\/\/tvtecjundiai.com.br\/news\/wp-json\/wp\/v2\/tags?post=77666"}],"curies":[{"name":"wp","href":"https:\/\/api.w.org\/{rel}","templated":true}]}}