{"id":77679,"date":"2021-06-16T15:50:05","date_gmt":"2021-06-16T18:50:05","guid":{"rendered":"https:\/\/tvtecjundiai.com.br\/news\/?p=77679"},"modified":"2021-06-16T15:50:13","modified_gmt":"2021-06-16T18:50:13","slug":"vacinacao-contra-febre-aftosa-e-brucelose-e-prorrogada-para-30-de-junho","status":"publish","type":"post","link":"https:\/\/tvtecjundiai.com.br\/news\/2021\/06\/16\/vacinacao-contra-febre-aftosa-e-brucelose-e-prorrogada-para-30-de-junho\/","title":{"rendered":"Vacina\u00e7\u00e3o contra Febre Aftosa e Brucelose \u00e9 prorrogada para 30 de junho"},"content":{"rendered":"\n<p>Jundia\u00ed \u00e9 a terra da uva e de muitas planta\u00e7\u00f5es e produ\u00e7\u00f5es rurais, mas o munic\u00edpio tamb\u00e9m conta com produtores de gado. A Unidade de Gest\u00e3o de Agroneg\u00f3cio, Abastecimento e Turismo (UGAAT) lembra que o prazo para vacina\u00e7\u00e3o contra Febre Aftosa e Brucelose foi prorrogado at\u00e9 30 de junho.<\/p>\n\n\n\n<p>A m\u00e9dica veterin\u00e1ria do Servi\u00e7o de Inspe\u00e7\u00e3o Municipal, da UGAAT Silvia Regina Reis Santaella explica que em Jundia\u00ed h\u00e1 propriedades com vaca, boi e animais desse porte que s\u00e3o de estima\u00e7\u00e3o e que tamb\u00e9m devem ser vacinados. \u201cMesmo quem tem uma vaquinha de estima\u00e7\u00e3o ou para leite de uso domiciliar, por exemplo, deve vacinar o animal\u201d, lembra.<\/p>\n\n\n\n<p>Ap\u00f3s aplicar o imunizante, deve ser entregue a declara\u00e7\u00e3o de vacina\u00e7\u00e3o, at\u00e9 o dia 7 de julho, no site do Governo do Estado (<a href=\"https:\/\/www.defesa.agricultura.sp.gov.br\/gedave\/\">https:\/\/www.defesa.agricultura.sp.gov.br\/gedave\/<\/a>). As vacinas s\u00e3o compradas com a apresenta\u00e7\u00e3o do receitu\u00e1rio veterin\u00e1rio e a aplica\u00e7\u00e3o deve ser feita sob supervis\u00e3o do M\u00e9dico Veterin\u00e1rio.&nbsp;<\/p>\n\n\n\n<p>\u201cEste ano excepcionalmente os prazos de vacina\u00e7\u00e3o e de envio da declara\u00e7\u00e3o foram prorrogados, mas a obrigatoriedade de vacinar e da entrega da declara\u00e7\u00e3o continuam, e o produtor deve se atentar a isso\u201d, lembra a diretora de Agroneg\u00f3cio, Isabel Harder.<\/p>\n\n\n\n<figure class=\"wp-block-image size-large\"><img loading=\"lazy\" decoding=\"async\" width=\"1200\" height=\"800\" src=\"https:\/\/tvtecjundiai.com.br\/news\/wp-content\/uploads\/sites\/2\/2021\/06\/vacinacao-febre-afetosa-94-1200x800.jpg\" alt=\"\" class=\"wp-image-77680\" srcset=\"https:\/\/tvtecjundiai.com.br\/news\/wp-content\/uploads\/sites\/2\/2021\/06\/vacinacao-febre-afetosa-94-1200x800.jpg 1200w, https:\/\/tvtecjundiai.com.br\/news\/wp-content\/uploads\/sites\/2\/2021\/06\/vacinacao-febre-afetosa-94-300x200.jpg 300w, https:\/\/tvtecjundiai.com.br\/news\/wp-content\/uploads\/sites\/2\/2021\/06\/vacinacao-febre-afetosa-94-768x512.jpg 768w, https:\/\/tvtecjundiai.com.br\/news\/wp-content\/uploads\/sites\/2\/2021\/06\/vacinacao-febre-afetosa-94.jpg 1280w\" sizes=\"auto, (max-width: 1200px) 100vw, 1200px\" \/><figcaption>A produtora de gado e cabra de leita C\u00e9lia faz a vacina\u00e7\u00e3o dos animais anualmente<\/figcaption><\/figure>\n\n\n\n<p>C\u00e9lia Storani Biscaro \u00e9 produtora de gado e cabra de leite. Na propriedade que fica no Jardim Aeroporto s\u00e3o quase 200 animais entre vacas leiteiras, secas, novilhas e bezerros. \u201cA vacina\u00e7\u00e3o \u00e9 muito importante, pois previne doen\u00e7as, promove o controle da sa\u00fade dos animais e garante qualidade e seguran\u00e7a para os consumidores\u201d, conta.&nbsp;<\/p>\n\n\n\n<p>Outro ponto de aten\u00e7\u00e3o fica para os frascos das vacinas que devem ser mantidos na geladeira e transportados em caixa com gelo, n\u00e3o podem ser congelados nem ficar em temperatura ambiente.&nbsp;<\/p>\n\n\n\n<p>\u201cAp\u00f3s o uso, os frascos vazios podem ser guardados e depois entregues no Programa Campo Limpo, no mesmo local em que s\u00e3o entregues as embalagens vazias dos agrot\u00f3xicos\u201d, lembra o gestor da UGAAT, Eduardo Alvarez.&nbsp;<\/p>\n\n\n\n<p><strong>*Brucelose e Febre Aftosa*<\/strong><\/p>\n\n\n\n<p>A vacina de Brucelose deve ser aplicada em todas as f\u00eameas bovinas e bubalinas que estejam com 3 meses a 8 meses de idade e a vacina de Febre Aftosa \u00e9 para todo o gado bovino e bubalino, de qualquer idade.<\/p>\n\n\n\n<p>A brucelose bovina \u00e9 transmitida principalmente pela ingest\u00e3o de pastagem contaminada pela urina de bovinos doentes, restos fetais e restos de placenta. A doen\u00e7a pode ser introduzida em um rebanho sadio pela aquisi\u00e7\u00e3o de bovinos infectados.<\/p>\n\n\n\n<figure class=\"wp-block-image size-large\"><img loading=\"lazy\" decoding=\"async\" width=\"1200\" height=\"801\" src=\"https:\/\/tvtecjundiai.com.br\/news\/wp-content\/uploads\/sites\/2\/2021\/06\/vacinacao-febre-afetosa-202-1200x801.jpg\" alt=\"\" class=\"wp-image-77681\" srcset=\"https:\/\/tvtecjundiai.com.br\/news\/wp-content\/uploads\/sites\/2\/2021\/06\/vacinacao-febre-afetosa-202-1200x801.jpg 1200w, https:\/\/tvtecjundiai.com.br\/news\/wp-content\/uploads\/sites\/2\/2021\/06\/vacinacao-febre-afetosa-202-300x200.jpg 300w, https:\/\/tvtecjundiai.com.br\/news\/wp-content\/uploads\/sites\/2\/2021\/06\/vacinacao-febre-afetosa-202-768x512.jpg 768w, https:\/\/tvtecjundiai.com.br\/news\/wp-content\/uploads\/sites\/2\/2021\/06\/vacinacao-febre-afetosa-202.jpg 1280w\" sizes=\"auto, (max-width: 1200px) 100vw, 1200px\" \/><figcaption>Animais devem ser vacinados contra a febre aftosa e brucelose at\u00e9 30 de junho<\/figcaption><\/figure>\n\n\n\n<p>A febre aftosa ataca&nbsp; animais de casco com duas unhas (biungulados), como bovinos, bubalinos, ovinos, caprinos, su\u00ednos e alguns animais silvestres como a capivara. Os sintomas, al\u00e9m da febre, s\u00e3o aftas na boca, feridas entre as unhas, nas tetas, no \u00fabere e no prep\u00facio dos touros, mas provocam tamb\u00e9m inflama\u00e7\u00e3o no cora\u00e7\u00e3o do animal, podendo levar \u00e0 morte, principalmente de bezerros.<\/p>\n\n\n\n<p>\u201cEstas doen\u00e7as, al\u00e9m de ter potencial para afetar o ser humano, causam muitos preju\u00edzos \u00e0 pecu\u00e1ria, como animais fracos, sem ganho de peso; aborto no final da gesta\u00e7\u00e3o; e diminui\u00e7\u00e3o da produ\u00e7\u00e3o de leite\u201d, comenta Silvia.<\/p>\n\n\n\n<p><em>(Texto\/Imagem: Prefeitura de Jundia\u00ed)<\/em><\/p>\n","protected":false},"excerpt":{"rendered":"<p>Animais devem ser vacinados contra a febre aftosa e brucelose at\u00e9 30 de junho<\/p>\n","protected":false},"author":28,"featured_media":77681,"comment_status":"closed","ping_status":"closed","sticky":false,"template":"","format":"standard","meta":{"footnotes":""},"categories":[8356,1],"tags":[],"class_list":["post-77679","post","type-post","status-publish","format-standard","has-post-thumbnail","hentry","category-jundiai","category-noticias"],"_links":{"self":[{"href":"https:\/\/tvtecjundiai.com.br\/news\/wp-json\/wp\/v2\/posts\/77679","targetHints":{"allow":["GET"]}}],"collection":[{"href":"https:\/\/tvtecjundiai.com.br\/news\/wp-json\/wp\/v2\/posts"}],"about":[{"href":"https:\/\/tvtecjundiai.com.br\/news\/wp-json\/wp\/v2\/types\/post"}],"author":[{"embeddable":true,"href":"https:\/\/tvtecjundiai.com.br\/news\/wp-json\/wp\/v2\/users\/28"}],"replies":[{"embeddable":true,"href":"https:\/\/tvtecjundiai.com.br\/news\/wp-json\/wp\/v2\/comments?post=77679"}],"version-history":[{"count":1,"href":"https:\/\/tvtecjundiai.com.br\/news\/wp-json\/wp\/v2\/posts\/77679\/revisions"}],"predecessor-version":[{"id":77682,"href":"https:\/\/tvtecjundiai.com.br\/news\/wp-json\/wp\/v2\/posts\/77679\/revisions\/77682"}],"wp:featuredmedia":[{"embeddable":true,"href":"https:\/\/tvtecjundiai.com.br\/news\/wp-json\/wp\/v2\/media\/77681"}],"wp:attachment":[{"href":"https:\/\/tvtecjundiai.com.br\/news\/wp-json\/wp\/v2\/media?parent=77679"}],"wp:term":[{"taxonomy":"category","embeddable":true,"href":"https:\/\/tvtecjundiai.com.br\/news\/wp-json\/wp\/v2\/categories?post=77679"},{"taxonomy":"post_tag","embeddable":true,"href":"https:\/\/tvtecjundiai.com.br\/news\/wp-json\/wp\/v2\/tags?post=77679"}],"curies":[{"name":"wp","href":"https:\/\/api.w.org\/{rel}","templated":true}]}}