{"id":77683,"date":"2021-06-16T16:10:02","date_gmt":"2021-06-16T19:10:02","guid":{"rendered":"https:\/\/tvtecjundiai.com.br\/news\/?p=77683"},"modified":"2021-06-16T16:10:13","modified_gmt":"2021-06-16T19:10:13","slug":"tomou-a-vacina-contra-a-covid-19-saiba-quais-sintomas-podem-se-manifestar-apos-a-aplicacao","status":"publish","type":"post","link":"https:\/\/tvtecjundiai.com.br\/news\/2021\/06\/16\/tomou-a-vacina-contra-a-covid-19-saiba-quais-sintomas-podem-se-manifestar-apos-a-aplicacao\/","title":{"rendered":"Tomou a vacina contra a COVID-19? Saiba quais sintomas podem se manifestar ap\u00f3s a aplica\u00e7\u00e3o"},"content":{"rendered":"\n<p>Segundo dados do Vacin\u00f4metro do Governo de S\u00e3o Paulo, o Estado j\u00e1 aplicou mais de 20 milh\u00f5es de doses contra a COVID-19. Muitas pessoas que j\u00e1 receberam a primeira dose t\u00eam relatado rea\u00e7\u00f5es p\u00f3s-vacina, o que pode causar uma preocupa\u00e7\u00e3o desnecess\u00e1ria naqueles que ainda n\u00e3o foram vacinados.<\/p>\n\n\n\n<p>O gerente de vendas, Frederico Pedroso Alves de Oliveira, tomou a primeira dose da vacina contra a COVID-19 em maio deste ano e sentiu bastante os efeitos da vacina AstraZeneca. \u201cTive dor de cabe\u00e7a aguda, dor no corpo, principalmente na regi\u00e3o lombar, al\u00e9m de cansa\u00e7o, calafrios e uma leve febre\u201d, conta Frederico. Ele diz que foram dois dias com os sintomas p\u00f3s-vacina.<\/p>\n\n\n\n<p>A esposa de Frederico, Thais de Oliveira, tamb\u00e9m j\u00e1 recebeu a primeira dose no come\u00e7o deste m\u00eas e sofreu com os sintomas da vacina da Fiocruz. Foram dois dias com dor de cabe\u00e7a, cansa\u00e7o, dor no corpo e febre.<\/p>\n\n\n\n<p>Segundo o cl\u00ednico m\u00e9dico e nefrologista do Hospital de Caridade S\u00e3o Vicente de Paulo, Dr. Reneu Zamora Junior, \u201cos sinais e sintomas podem aparecer no momento da aplica\u00e7\u00e3o ou em at\u00e9 24-48 horas\u201d. Entre os sintomas citados pelo m\u00e9dico, podem aparecer dor, sensibilidade ou edema no local da aplica\u00e7\u00e3o, al\u00e9m de calafrios, febre baixa, dores pelo corpo e adinamia, ou seja, grande fraqueza muscular.<\/p>\n\n\n\n<figure class=\"wp-block-image size-large\"><img loading=\"lazy\" decoding=\"async\" width=\"1200\" height=\"675\" src=\"https:\/\/tvtecjundiai.com.br\/news\/wp-content\/uploads\/sites\/2\/2021\/06\/casalvacina-1200x675.png\" alt=\"\" class=\"wp-image-77684\" srcset=\"https:\/\/tvtecjundiai.com.br\/news\/wp-content\/uploads\/sites\/2\/2021\/06\/casalvacina-1200x675.png 1200w, https:\/\/tvtecjundiai.com.br\/news\/wp-content\/uploads\/sites\/2\/2021\/06\/casalvacina-300x169.png 300w, https:\/\/tvtecjundiai.com.br\/news\/wp-content\/uploads\/sites\/2\/2021\/06\/casalvacina-768x432.png 768w, https:\/\/tvtecjundiai.com.br\/news\/wp-content\/uploads\/sites\/2\/2021\/06\/casalvacina.png 1280w\" sizes=\"auto, (max-width: 1200px) 100vw, 1200px\" \/><figcaption>O casal Frederico e Thais j\u00e1 tomaram a primeira dose da vacina e tiveram rea\u00e7\u00f5es ap\u00f3s a aplica\u00e7\u00e3o<\/figcaption><\/figure>\n\n\n\n<p>De acordo com o m\u00e9dico, caso os sintomas persistam por mais de 48 horas ou se intensifiquem independente da dura\u00e7\u00e3o dos mesmos, o ideal \u00e9 procurar por atendimento m\u00e9dico.<\/p>\n\n\n\n<p>Apesar da rea\u00e7\u00e3o, o casal n\u00e3o esconde a alegria em ter se imunizado contra a COVID-19. \u201cFiquei ansioso antes, pois \u00e9 algo que ainda n\u00e3o conhecemos direito, mas depois fiquei feliz em saber que estava sendo imunizado\u201d, declara Frederico. Para Tha\u00eds, a sensa\u00e7\u00e3o de tomar a vacina foi de \u201cal\u00edvio por estar um pouco mais protegida\u201d.<\/p>\n\n\n\n<p>E para aqueles que ainda temem em tomar a vacina, o casal d\u00e1 um conselho. \u201cQue repensem o conceito delas com base no fato de que vacinas s\u00e3o criadas para imunizar e salvar vidas h\u00e1 d\u00e9cadas. N\u00e3o tomar \u00e9 contribuir para a extens\u00e3o da pandemia, uma irresponsabilidade com o pr\u00f3ximo e n\u00f3s mesmos\u201d, avalia Frederico. \u201cA vacina \u00e9 muito mais que um ato pessoal, \u00e9 um ato coletivo. A ci\u00eancia evoluiu muito e todo esse conhecimento adquirido, incluindo a vacina, tornou nossa vida melhor\u201d, finaliza Thais.<\/p>\n\n\n\n<p><em>(Texto: TVTEC\/Imagem: Arquivo Pessoal)<\/em><\/p>\n","protected":false},"excerpt":{"rendered":"<p>Entre os sintomas, podem surgir calafrios, febre baixa, dores pelo corpo e fraqueza muscular<\/p>\n","protected":false},"author":28,"featured_media":77684,"comment_status":"closed","ping_status":"closed","sticky":false,"template":"","format":"standard","meta":{"footnotes":""},"categories":[8356,1],"tags":[],"class_list":["post-77683","post","type-post","status-publish","format-standard","has-post-thumbnail","hentry","category-jundiai","category-noticias"],"_links":{"self":[{"href":"https:\/\/tvtecjundiai.com.br\/news\/wp-json\/wp\/v2\/posts\/77683","targetHints":{"allow":["GET"]}}],"collection":[{"href":"https:\/\/tvtecjundiai.com.br\/news\/wp-json\/wp\/v2\/posts"}],"about":[{"href":"https:\/\/tvtecjundiai.com.br\/news\/wp-json\/wp\/v2\/types\/post"}],"author":[{"embeddable":true,"href":"https:\/\/tvtecjundiai.com.br\/news\/wp-json\/wp\/v2\/users\/28"}],"replies":[{"embeddable":true,"href":"https:\/\/tvtecjundiai.com.br\/news\/wp-json\/wp\/v2\/comments?post=77683"}],"version-history":[{"count":1,"href":"https:\/\/tvtecjundiai.com.br\/news\/wp-json\/wp\/v2\/posts\/77683\/revisions"}],"predecessor-version":[{"id":77685,"href":"https:\/\/tvtecjundiai.com.br\/news\/wp-json\/wp\/v2\/posts\/77683\/revisions\/77685"}],"wp:featuredmedia":[{"embeddable":true,"href":"https:\/\/tvtecjundiai.com.br\/news\/wp-json\/wp\/v2\/media\/77684"}],"wp:attachment":[{"href":"https:\/\/tvtecjundiai.com.br\/news\/wp-json\/wp\/v2\/media?parent=77683"}],"wp:term":[{"taxonomy":"category","embeddable":true,"href":"https:\/\/tvtecjundiai.com.br\/news\/wp-json\/wp\/v2\/categories?post=77683"},{"taxonomy":"post_tag","embeddable":true,"href":"https:\/\/tvtecjundiai.com.br\/news\/wp-json\/wp\/v2\/tags?post=77683"}],"curies":[{"name":"wp","href":"https:\/\/api.w.org\/{rel}","templated":true}]}}