{"id":77689,"date":"2021-06-16T16:31:08","date_gmt":"2021-06-16T19:31:08","guid":{"rendered":"https:\/\/tvtecjundiai.com.br\/news\/?p=77689"},"modified":"2021-06-16T16:31:18","modified_gmt":"2021-06-16T19:31:18","slug":"sete-obitos-por-covid-19-foram-registrados-nesta-quarta-feira-16-em-jundiai","status":"publish","type":"post","link":"https:\/\/tvtecjundiai.com.br\/news\/2021\/06\/16\/sete-obitos-por-covid-19-foram-registrados-nesta-quarta-feira-16-em-jundiai\/","title":{"rendered":"Sete \u00f3bitos por COVID-19 foram registrados nesta quarta-feira (16) em Jundia\u00ed"},"content":{"rendered":"\n<p>A Prefeitura de Jundia\u00ed informa que, nesta quarta-feira (16), sete \u00f3bitos foram contabilizados de residentes na cidade causados pelo Novo Coronav\u00edrus.<\/p>\n\n\n\n<p>Mulher, 54 anos, sem comorbidades registradas. Internou 21\/05 e faleceu 16\/06 no hospital S\u00e3o Vicente.<\/p>\n\n\n\n<p>Homem, 72 anos, obeso, portador de doen\u00e7a cardiovascular cr\u00f4nica. Internou 07\/06 e faleceu 16\/06 no hospital S\u00e3o Vicente.<\/p>\n\n\n\n<p>Homem, 50 anos, diab\u00e9tico, portador de doen\u00e7a cardiovascular e nefropatia cr\u00f4nicas. Internou 07\/06 e faleceu 15\/06 no hospital S\u00e3o Vicente.<\/p>\n\n\n\n<p>Homem, 75 anos, portador de doen\u00e7a cardiovascular cr\u00f4nica. Internou 04\/06 e faleceu 15\/06 no hospital S\u00e3o Vicente.<\/p>\n\n\n\n<p>Homem, 54 anos, obeso e portador de doen\u00e7a cardiovascular cr\u00f4nica. Internou 09\/06 e faleceu 16\/06 em hospital privado da cidade.<\/p>\n\n\n\n<p>Mulher, 50 anos, sem comorbidades registradas. Internou 26\/05 e faleceu 15\/06 no hospital S\u00e3o Vicente.<\/p>\n\n\n\n<p>Mulher, 43 anos, sem comorbidades registradas. Internou 10\/06 e faleceu 16\/06 no hospital S\u00e3o Vicente.<\/p>\n\n\n\n<p>At\u00e9 o momento, a cidade registra 1295 \u00f3bitos causados pela COVID-19 desde o in\u00edcio da pandemia.<\/p>\n\n\n\n<figure class=\"wp-block-image size-large\"><img loading=\"lazy\" decoding=\"async\" width=\"960\" height=\"960\" src=\"https:\/\/tvtecjundiai.com.br\/news\/wp-content\/uploads\/sites\/2\/2021\/06\/slide1-11-960x960.png\" alt=\"\" class=\"wp-image-77690\" srcset=\"https:\/\/tvtecjundiai.com.br\/news\/wp-content\/uploads\/sites\/2\/2021\/06\/slide1-11-960x960.png 960w, https:\/\/tvtecjundiai.com.br\/news\/wp-content\/uploads\/sites\/2\/2021\/06\/slide1-11-300x300.png 300w, https:\/\/tvtecjundiai.com.br\/news\/wp-content\/uploads\/sites\/2\/2021\/06\/slide1-11-100x100.png 100w, https:\/\/tvtecjundiai.com.br\/news\/wp-content\/uploads\/sites\/2\/2021\/06\/slide1-11-768x768.png 768w, https:\/\/tvtecjundiai.com.br\/news\/wp-content\/uploads\/sites\/2\/2021\/06\/slide1-11.png 1280w\" sizes=\"auto, (max-width: 960px) 100vw, 960px\" \/><\/figure>\n\n\n\n<figure class=\"wp-block-image size-large\"><img loading=\"lazy\" decoding=\"async\" width=\"960\" height=\"960\" src=\"https:\/\/tvtecjundiai.com.br\/news\/wp-content\/uploads\/sites\/2\/2021\/06\/slide2-10-960x960.png\" alt=\"\" class=\"wp-image-77691\" srcset=\"https:\/\/tvtecjundiai.com.br\/news\/wp-content\/uploads\/sites\/2\/2021\/06\/slide2-10-960x960.png 960w, https:\/\/tvtecjundiai.com.br\/news\/wp-content\/uploads\/sites\/2\/2021\/06\/slide2-10-300x300.png 300w, https:\/\/tvtecjundiai.com.br\/news\/wp-content\/uploads\/sites\/2\/2021\/06\/slide2-10-100x100.png 100w, https:\/\/tvtecjundiai.com.br\/news\/wp-content\/uploads\/sites\/2\/2021\/06\/slide2-10-768x768.png 768w, https:\/\/tvtecjundiai.com.br\/news\/wp-content\/uploads\/sites\/2\/2021\/06\/slide2-10.png 1280w\" sizes=\"auto, (max-width: 960px) 100vw, 960px\" \/><\/figure>\n\n\n\n<p><em>(Texto\/Imagem: Prefeitura de Jundia\u00ed)<\/em><\/p>\n","protected":false},"excerpt":{"rendered":"<p>At\u00e9 o momento, a cidade registra 1295 \u00f3bitos causados pela COVID-19 desde o in\u00edcio da pandemia<\/p>\n","protected":false},"author":28,"featured_media":68012,"comment_status":"closed","ping_status":"closed","sticky":false,"template":"","format":"standard","meta":{"footnotes":""},"categories":[8356,1],"tags":[],"class_list":["post-77689","post","type-post","status-publish","format-standard","has-post-thumbnail","hentry","category-jundiai","category-noticias"],"_links":{"self":[{"href":"https:\/\/tvtecjundiai.com.br\/news\/wp-json\/wp\/v2\/posts\/77689","targetHints":{"allow":["GET"]}}],"collection":[{"href":"https:\/\/tvtecjundiai.com.br\/news\/wp-json\/wp\/v2\/posts"}],"about":[{"href":"https:\/\/tvtecjundiai.com.br\/news\/wp-json\/wp\/v2\/types\/post"}],"author":[{"embeddable":true,"href":"https:\/\/tvtecjundiai.com.br\/news\/wp-json\/wp\/v2\/users\/28"}],"replies":[{"embeddable":true,"href":"https:\/\/tvtecjundiai.com.br\/news\/wp-json\/wp\/v2\/comments?post=77689"}],"version-history":[{"count":1,"href":"https:\/\/tvtecjundiai.com.br\/news\/wp-json\/wp\/v2\/posts\/77689\/revisions"}],"predecessor-version":[{"id":77692,"href":"https:\/\/tvtecjundiai.com.br\/news\/wp-json\/wp\/v2\/posts\/77689\/revisions\/77692"}],"wp:featuredmedia":[{"embeddable":true,"href":"https:\/\/tvtecjundiai.com.br\/news\/wp-json\/wp\/v2\/media\/68012"}],"wp:attachment":[{"href":"https:\/\/tvtecjundiai.com.br\/news\/wp-json\/wp\/v2\/media?parent=77689"}],"wp:term":[{"taxonomy":"category","embeddable":true,"href":"https:\/\/tvtecjundiai.com.br\/news\/wp-json\/wp\/v2\/categories?post=77689"},{"taxonomy":"post_tag","embeddable":true,"href":"https:\/\/tvtecjundiai.com.br\/news\/wp-json\/wp\/v2\/tags?post=77689"}],"curies":[{"name":"wp","href":"https:\/\/api.w.org\/{rel}","templated":true}]}}