{"id":77693,"date":"2021-06-16T18:03:32","date_gmt":"2021-06-16T21:03:32","guid":{"rendered":"https:\/\/tvtecjundiai.com.br\/news\/?p=77693"},"modified":"2021-06-16T18:03:38","modified_gmt":"2021-06-16T21:03:38","slug":"covid-19-senado-aprova-projeto-que-inclui-lactantes-no-grupo-prioritario-da-vacinacao","status":"publish","type":"post","link":"https:\/\/tvtecjundiai.com.br\/news\/2021\/06\/16\/covid-19-senado-aprova-projeto-que-inclui-lactantes-no-grupo-prioritario-da-vacinacao\/","title":{"rendered":"COVID-19: Senado aprova projeto que inclui lactantes no grupo priorit\u00e1rio da vacina\u00e7\u00e3o"},"content":{"rendered":"\n<p>O Senado aprovou nesta ter\u00e7a-feira (15) um projeto que inclui no grupo priorit\u00e1rio da vacina\u00e7\u00e3o contra a COVID-19 as m\u00e3es, com ou sem comorbidades, que estiverem amamentando, independentemente da idade das crian\u00e7as.<\/p>\n\n\n\n<p>A proposta segue para a C\u00e2mara dos Deputados. O texto \u00e9 de autoria do senador Jean Paul Prates (PT-RN), mas foi aprovado conforme a vers\u00e3o apresentada pela relatora, Zenaide Maia (PROS-RN).<\/p>\n\n\n\n<p>O projeto tamb\u00e9m prev\u00ea prioridade para gestantes e pu\u00e9rperas, isto \u00e9, m\u00e3es no per\u00edodo at\u00e9 45 dias p\u00f3s-parto, com ou sem comorbidades.<\/p>\n\n\n\n<p>Inicialmente, o texto tratava somente das lactantes, mas a relatora acolheu emenda de Rog\u00e9rio Carvalho (PT-SE) a fim de assegurar a prioridade aos outros grupos.<\/p>\n\n\n\n<p><strong>Plano Nacional de Imuniza\u00e7\u00e3o<\/strong><br>Em abril deste ano, o Minist\u00e9rio da Sa\u00fade incluiu todas as gr\u00e1vidas e pu\u00e9rperas no Plano Nacional de Imuniza\u00e7\u00e3o.<\/p>\n\n\n\n<p>No entanto, desde 12 de maio, a vacina\u00e7\u00e3o de gr\u00e1vidas e pu\u00e9rperas est\u00e1 restrita \u00e0s mulheres com comorbidades (doen\u00e7as preexistentes), e elas devem receber apenas as vacinas CoronaVac e Pfizer.<\/p>\n\n\n\n<p>Rog\u00e9rio Carvalho disse que a inclus\u00e3o da previs\u00e3o em lei \u00e9 necess\u00e1ria, pois h\u00e1 casos de exclus\u00e3o de gestantes sem comorbidades da lista de prioridades. &#8220;Alguns estados j\u00e1 iniciaram a vacina\u00e7\u00e3o de gr\u00e1vidas e pu\u00e9rperas pertencentes aos grupos priorit\u00e1rios ou que possuam comorbidades. De forma geral, tem-se exclu\u00eddo as gestantes sem comorbidades dos grupos priorit\u00e1rios. A medida gera questionamentos das mulheres, de associa\u00e7\u00f5es e tamb\u00e9m do Minist\u00e9rio P\u00fablico&#8221;, disse o senador do PT.<\/p>\n\n\n\n<p>Zenaide Maia tamb\u00e9m acolheu sugest\u00e3o do senador Fabiano Contarato (Rede-ES) para priorizar na vacina\u00e7\u00e3o crian\u00e7as e adolescentes com defici\u00eancia permanente ou com comorbidade, assim como aqueles privados de liberdade, em estabelecimentos socioeducativos. O projeto diz que as regras para essa vacina\u00e7\u00e3o estar\u00e3o em regulamento a ser editado pelo Executivo<\/p>\n\n\n\n<p>No Brasil, a vacina\u00e7\u00e3o de pessoas com menos de 18 anos ainda n\u00e3o come\u00e7ou. Na semana passada, a Anvisa autorizou o uso de vacinas da Pfizer em adolescentes a partir dos 12 anos de idade.<\/p>\n\n\n\n<figure class=\"wp-block-image size-large\"><img loading=\"lazy\" decoding=\"async\" width=\"1200\" height=\"675\" src=\"https:\/\/tvtecjundiai.com.br\/news\/wp-content\/uploads\/sites\/2\/2020\/08\/amamenta\u00e7aosalva-1200x675.jpg\" alt=\"\" class=\"wp-image-64691\" srcset=\"https:\/\/tvtecjundiai.com.br\/news\/wp-content\/uploads\/sites\/2\/2020\/08\/amamenta\u00e7aosalva-1200x675.jpg 1200w, https:\/\/tvtecjundiai.com.br\/news\/wp-content\/uploads\/sites\/2\/2020\/08\/amamenta\u00e7aosalva-300x169.jpg 300w, https:\/\/tvtecjundiai.com.br\/news\/wp-content\/uploads\/sites\/2\/2020\/08\/amamenta\u00e7aosalva-768x432.jpg 768w, https:\/\/tvtecjundiai.com.br\/news\/wp-content\/uploads\/sites\/2\/2020\/08\/amamenta\u00e7aosalva.jpg 1280w\" sizes=\"auto, (max-width: 1200px) 100vw, 1200px\" \/><\/figure>\n\n\n\n<p><strong>AstraZeneca<\/strong><br>Em maio, a Anvisa recomendou a suspens\u00e3o da aplica\u00e7\u00e3o da vacina contra a COVID-19 da AstraZeneca\/Fiocruz em gr\u00e1vidas. Na ocasi\u00e3o, a Anvisa n\u00e3o relatou nenhum evento adverso ocorrido em gr\u00e1vidas no Brasil.<\/p>\n\n\n\n<p>Relatora da proposta, Zenaide Maia explicou que a prioridade para gestantes diz respeito a vacinas &#8220;indicadas pela Anvisa&#8221;.<\/p>\n\n\n\n<p>&#8220;Lembrando que a orienta\u00e7\u00e3o m\u00e9dica \u00e9 essencial para gr\u00e1vidas com comorbidades, alergias e outras condi\u00e7\u00f5es espec\u00edficas que desaconselhem determinados imunizantes&#8221;, disse a parlamentar do Pros.<\/p>\n\n\n\n<p><em>(Texto: G1\/Imagem: TVTEC)<\/em><\/p>\n","protected":false},"excerpt":{"rendered":"<p>Texto tamb\u00e9m prev\u00ea prioridade para gr\u00e1vidas e pu\u00e9rperas, isto \u00e9, m\u00e3es no per\u00edodo at\u00e9 45 dias p\u00f3s-parto<\/p>\n","protected":false},"author":28,"featured_media":64691,"comment_status":"closed","ping_status":"closed","sticky":false,"template":"","format":"standard","meta":{"footnotes":""},"categories":[8356,1],"tags":[],"class_list":["post-77693","post","type-post","status-publish","format-standard","has-post-thumbnail","hentry","category-jundiai","category-noticias"],"_links":{"self":[{"href":"https:\/\/tvtecjundiai.com.br\/news\/wp-json\/wp\/v2\/posts\/77693","targetHints":{"allow":["GET"]}}],"collection":[{"href":"https:\/\/tvtecjundiai.com.br\/news\/wp-json\/wp\/v2\/posts"}],"about":[{"href":"https:\/\/tvtecjundiai.com.br\/news\/wp-json\/wp\/v2\/types\/post"}],"author":[{"embeddable":true,"href":"https:\/\/tvtecjundiai.com.br\/news\/wp-json\/wp\/v2\/users\/28"}],"replies":[{"embeddable":true,"href":"https:\/\/tvtecjundiai.com.br\/news\/wp-json\/wp\/v2\/comments?post=77693"}],"version-history":[{"count":1,"href":"https:\/\/tvtecjundiai.com.br\/news\/wp-json\/wp\/v2\/posts\/77693\/revisions"}],"predecessor-version":[{"id":77694,"href":"https:\/\/tvtecjundiai.com.br\/news\/wp-json\/wp\/v2\/posts\/77693\/revisions\/77694"}],"wp:featuredmedia":[{"embeddable":true,"href":"https:\/\/tvtecjundiai.com.br\/news\/wp-json\/wp\/v2\/media\/64691"}],"wp:attachment":[{"href":"https:\/\/tvtecjundiai.com.br\/news\/wp-json\/wp\/v2\/media?parent=77693"}],"wp:term":[{"taxonomy":"category","embeddable":true,"href":"https:\/\/tvtecjundiai.com.br\/news\/wp-json\/wp\/v2\/categories?post=77693"},{"taxonomy":"post_tag","embeddable":true,"href":"https:\/\/tvtecjundiai.com.br\/news\/wp-json\/wp\/v2\/tags?post=77693"}],"curies":[{"name":"wp","href":"https:\/\/api.w.org\/{rel}","templated":true}]}}