{"id":77721,"date":"2021-06-17T12:50:10","date_gmt":"2021-06-17T15:50:10","guid":{"rendered":"https:\/\/tvtecjundiai.com.br\/news\/?p=77721"},"modified":"2021-06-17T12:50:14","modified_gmt":"2021-06-17T15:50:14","slug":"jundiai-abre-mais-vagas-para-vacinacao-contra-covid-19-para-54-a-59-anos","status":"publish","type":"post","link":"https:\/\/tvtecjundiai.com.br\/news\/2021\/06\/17\/jundiai-abre-mais-vagas-para-vacinacao-contra-covid-19-para-54-a-59-anos\/","title":{"rendered":"Jundia\u00ed abre mais vagas para vacina\u00e7\u00e3o contra COVID-19 para 54 a 59 anos"},"content":{"rendered":"\n<p>A Prefeitura de Jundia\u00ed amplia a estrat\u00e9gia de vacina\u00e7\u00e3o contra a COVID-19 com a abertura de mais vagas para atendimento de pessoas com 54 a 59 anos, nesta sexta-feira (18), \u00e0s 11h. O processo de agendamento ser\u00e1 pelos canais digitais (<a href=\"https:\/\/vacina.jundiai.sp.gov.br\/agendamento\/?rand=716467668000\">site<\/a>&nbsp;e APP Jundia\u00ed).<\/p>\n\n\n\n<p>&nbsp;A oferta permanece nos polos e Unidades B\u00e1sicas de Sa\u00fade (UBSs), dispon\u00edveis para consulta na p\u00e1gina de agendamento da vacina\u00e7\u00e3o. Para a recep\u00e7\u00e3o da dose, o agendado deve apresentar documento de identifica\u00e7\u00e3o com foto, CPF e comprovante de resid\u00eancia com endere\u00e7o de Jundia\u00ed atualizado (\u00faltimos seis meses), em nome do mun\u00edcipe a ser vacinado.<\/p>\n\n\n\n<figure class=\"wp-block-image size-large\"><img loading=\"lazy\" decoding=\"async\" width=\"1200\" height=\"801\" src=\"https:\/\/tvtecjundiai.com.br\/news\/wp-content\/uploads\/sites\/2\/2021\/06\/vacinacao_covid_profissionais-educacao_ubs-jardim-do-lago-65-1200x801.jpg\" alt=\"\" class=\"wp-image-77722\" srcset=\"https:\/\/tvtecjundiai.com.br\/news\/wp-content\/uploads\/sites\/2\/2021\/06\/vacinacao_covid_profissionais-educacao_ubs-jardim-do-lago-65-1200x801.jpg 1200w, https:\/\/tvtecjundiai.com.br\/news\/wp-content\/uploads\/sites\/2\/2021\/06\/vacinacao_covid_profissionais-educacao_ubs-jardim-do-lago-65-300x200.jpg 300w, https:\/\/tvtecjundiai.com.br\/news\/wp-content\/uploads\/sites\/2\/2021\/06\/vacinacao_covid_profissionais-educacao_ubs-jardim-do-lago-65-768x512.jpg 768w, https:\/\/tvtecjundiai.com.br\/news\/wp-content\/uploads\/sites\/2\/2021\/06\/vacinacao_covid_profissionais-educacao_ubs-jardim-do-lago-65.jpg 1280w\" sizes=\"auto, (max-width: 1200px) 100vw, 1200px\" \/><figcaption>Vacina\u00e7\u00e3o para pessoas com 54 anos a 59 anos ter\u00e1 nova agenda nessa sexta-feira (18)<\/figcaption><\/figure>\n\n\n\n<p>Em caso de comprovante de endere\u00e7o em nome de outra pessoa (pai, m\u00e3e e outros), o titular do endere\u00e7o deve fazer uma declara\u00e7\u00e3o descrevendo que o usu\u00e1rio a ser vacinado reside no endere\u00e7o descrito no comprovante apresentado, que deve ser detalhado na declara\u00e7\u00e3o, sendo est\u00e1 assinada pelo titular do endere\u00e7o. O comprovante ser\u00e1 retido no local de vacina\u00e7\u00e3o.<\/p>\n\n\n\n<p><em>(Texto\/Imagem: Prefeitura de Jundia\u00ed)<\/em><\/p>\n","protected":false},"excerpt":{"rendered":"<p>Vacina\u00e7\u00e3o para pessoas com 54 anos a 59 anos ter\u00e1 nova agenda nessa sexta-feira (18), \u00e0s 11h<\/p>\n","protected":false},"author":28,"featured_media":77722,"comment_status":"closed","ping_status":"closed","sticky":false,"template":"","format":"standard","meta":{"footnotes":""},"categories":[8356,1],"tags":[],"class_list":["post-77721","post","type-post","status-publish","format-standard","has-post-thumbnail","hentry","category-jundiai","category-noticias"],"_links":{"self":[{"href":"https:\/\/tvtecjundiai.com.br\/news\/wp-json\/wp\/v2\/posts\/77721","targetHints":{"allow":["GET"]}}],"collection":[{"href":"https:\/\/tvtecjundiai.com.br\/news\/wp-json\/wp\/v2\/posts"}],"about":[{"href":"https:\/\/tvtecjundiai.com.br\/news\/wp-json\/wp\/v2\/types\/post"}],"author":[{"embeddable":true,"href":"https:\/\/tvtecjundiai.com.br\/news\/wp-json\/wp\/v2\/users\/28"}],"replies":[{"embeddable":true,"href":"https:\/\/tvtecjundiai.com.br\/news\/wp-json\/wp\/v2\/comments?post=77721"}],"version-history":[{"count":1,"href":"https:\/\/tvtecjundiai.com.br\/news\/wp-json\/wp\/v2\/posts\/77721\/revisions"}],"predecessor-version":[{"id":77723,"href":"https:\/\/tvtecjundiai.com.br\/news\/wp-json\/wp\/v2\/posts\/77721\/revisions\/77723"}],"wp:featuredmedia":[{"embeddable":true,"href":"https:\/\/tvtecjundiai.com.br\/news\/wp-json\/wp\/v2\/media\/77722"}],"wp:attachment":[{"href":"https:\/\/tvtecjundiai.com.br\/news\/wp-json\/wp\/v2\/media?parent=77721"}],"wp:term":[{"taxonomy":"category","embeddable":true,"href":"https:\/\/tvtecjundiai.com.br\/news\/wp-json\/wp\/v2\/categories?post=77721"},{"taxonomy":"post_tag","embeddable":true,"href":"https:\/\/tvtecjundiai.com.br\/news\/wp-json\/wp\/v2\/tags?post=77721"}],"curies":[{"name":"wp","href":"https:\/\/api.w.org\/{rel}","templated":true}]}}