{"id":77724,"date":"2021-06-17T13:23:30","date_gmt":"2021-06-17T16:23:30","guid":{"rendered":"https:\/\/tvtecjundiai.com.br\/news\/?p=77724"},"modified":"2021-06-17T13:23:35","modified_gmt":"2021-06-17T16:23:35","slug":"jundiai-participa-do-programa-vale-gas-lancado-pelo-governo-do-estado-de-sp","status":"publish","type":"post","link":"https:\/\/tvtecjundiai.com.br\/news\/2021\/06\/17\/jundiai-participa-do-programa-vale-gas-lancado-pelo-governo-do-estado-de-sp\/","title":{"rendered":"Jundia\u00ed participa do programa Vale G\u00e1s lan\u00e7ado pelo Governo do Estado de SP"},"content":{"rendered":"\n<p>O Governador Jo\u00e3o Doria anunciou, nesta quinta-feira (17), o lan\u00e7amento do Vale G\u00e1s, novo programa de prote\u00e7\u00e3o social do Governo de SP que vai beneficiar cerca de 500 mil pessoas em situa\u00e7\u00e3o de alta vulnerabilidade em todo estado. A iniciativa in\u00e9dita em SP vai garantir transfer\u00eancia de renda para a compra de botij\u00e3o de g\u00e1s de cozinha (GLP 13kg) e levar mais dignidade a mais de 100 mil fam\u00edlias carentes em todo estado. O programa gerido pela Secretaria de Desenvolvimento Social receber\u00e1 investimento superior a R$ 31,3 milh\u00f5es, alcan\u00e7ando um total de 82 munic\u00edpios, entre eles Jundia\u00ed, Campo Limpo Paulista e V\u00e1rzea Paulista.<\/p>\n\n\n\n<p>\u201cEste \u00e9 um dos mais importantes programas que n\u00f3s j\u00e1 lan\u00e7amos aqui, porque muda a vida de muita gente. Quem n\u00e3o tem sabe o que \u00e9 ter um botij\u00e3o de g\u00e1s para atender a uma fam\u00edlia durante dois meses. Por isso estamos fazendo um programa para atender meio milh\u00e3o de pessoas aqui no Estado de S\u00e3o Paulo. \u00c9 um enorme esfor\u00e7o que estamos fazendo para ajudar quem mais precisa\u201d, destacou Doria.<\/p>\n\n\n\n<figure class=\"wp-block-image size-large\"><img loading=\"lazy\" decoding=\"async\" width=\"1200\" height=\"800\" src=\"https:\/\/tvtecjundiai.com.br\/news\/wp-content\/uploads\/sites\/2\/2021\/06\/valegas-1200x800.jpg\" alt=\"\" class=\"wp-image-77725\" srcset=\"https:\/\/tvtecjundiai.com.br\/news\/wp-content\/uploads\/sites\/2\/2021\/06\/valegas-1200x800.jpg 1200w, https:\/\/tvtecjundiai.com.br\/news\/wp-content\/uploads\/sites\/2\/2021\/06\/valegas-300x200.jpg 300w, https:\/\/tvtecjundiai.com.br\/news\/wp-content\/uploads\/sites\/2\/2021\/06\/valegas-768x512.jpg 768w, https:\/\/tvtecjundiai.com.br\/news\/wp-content\/uploads\/sites\/2\/2021\/06\/valegas.jpg 1280w\" sizes=\"auto, (max-width: 1200px) 100vw, 1200px\" \/><\/figure>\n\n\n\n<p>Por meio do programa, 104.340 fam\u00edlias em situa\u00e7\u00e3o de pobreza ou extrema pobreza, que moram em comunidades carentes e favelas (classificadas como aglomerados subnormais), ter\u00e3o acesso a tr\u00eas parcelas bimestrais do benef\u00edcio, no valor de R$ 100,00 cada, a serem pagas entre os meses de julho e dezembro de 2021. A previs\u00e3o para o pagamento da primeira parcela do benef\u00edcio \u00e9 20 de julho.<\/p>\n\n\n\n<p>\u201cCom essa iniciativa, o Governo de S\u00e3o Paulo d\u00e1 mais um passo importante para garantir a prote\u00e7\u00e3o social e seguran\u00e7a alimentar de fam\u00edlias em maior fragilidade frente aos desafios impostos pela pandemia\u201d, afirma a Secret\u00e1ria de Desenvolvimento Social do Estado de S\u00e3o Paulo, C\u00e9lia Parnes.<\/p>\n\n\n\n<p>Ter\u00e3o acesso ao programa as fam\u00edlias inscritas no Cad\u00danico (sem Bolsa Fam\u00edlia) e com renda mensal per capita de at\u00e9 R$ 178,00. Para saber se poder\u00e1 ser inserido no programa, o cidad\u00e3o deve entrar no site oficial do Vale G\u00e1s (www.valegas.sp.gov.br) e consultar a elegibilidade ao benef\u00edcio. O site j\u00e1 est\u00e1 dispon\u00edvel e basta digitar o n\u00famero do NIS (N\u00famero de Inscri\u00e7\u00e3o Social) para ter acesso \u00e0s informa\u00e7\u00f5es.<\/p>\n\n\n\n<p><em>(Texto\/Imagem: Portal do Governo)<\/em><\/p>\n","protected":false},"excerpt":{"rendered":"<p>Programa vai beneficiar ao todo 500 mil pessoas em situa\u00e7\u00e3o de vulnerabilidade<\/p>\n","protected":false},"author":28,"featured_media":77725,"comment_status":"closed","ping_status":"closed","sticky":false,"template":"","format":"standard","meta":{"footnotes":""},"categories":[8356,1],"tags":[],"class_list":["post-77724","post","type-post","status-publish","format-standard","has-post-thumbnail","hentry","category-jundiai","category-noticias"],"_links":{"self":[{"href":"https:\/\/tvtecjundiai.com.br\/news\/wp-json\/wp\/v2\/posts\/77724","targetHints":{"allow":["GET"]}}],"collection":[{"href":"https:\/\/tvtecjundiai.com.br\/news\/wp-json\/wp\/v2\/posts"}],"about":[{"href":"https:\/\/tvtecjundiai.com.br\/news\/wp-json\/wp\/v2\/types\/post"}],"author":[{"embeddable":true,"href":"https:\/\/tvtecjundiai.com.br\/news\/wp-json\/wp\/v2\/users\/28"}],"replies":[{"embeddable":true,"href":"https:\/\/tvtecjundiai.com.br\/news\/wp-json\/wp\/v2\/comments?post=77724"}],"version-history":[{"count":1,"href":"https:\/\/tvtecjundiai.com.br\/news\/wp-json\/wp\/v2\/posts\/77724\/revisions"}],"predecessor-version":[{"id":77726,"href":"https:\/\/tvtecjundiai.com.br\/news\/wp-json\/wp\/v2\/posts\/77724\/revisions\/77726"}],"wp:featuredmedia":[{"embeddable":true,"href":"https:\/\/tvtecjundiai.com.br\/news\/wp-json\/wp\/v2\/media\/77725"}],"wp:attachment":[{"href":"https:\/\/tvtecjundiai.com.br\/news\/wp-json\/wp\/v2\/media?parent=77724"}],"wp:term":[{"taxonomy":"category","embeddable":true,"href":"https:\/\/tvtecjundiai.com.br\/news\/wp-json\/wp\/v2\/categories?post=77724"},{"taxonomy":"post_tag","embeddable":true,"href":"https:\/\/tvtecjundiai.com.br\/news\/wp-json\/wp\/v2\/tags?post=77724"}],"curies":[{"name":"wp","href":"https:\/\/api.w.org\/{rel}","templated":true}]}}