{"id":77727,"date":"2021-06-17T14:16:21","date_gmt":"2021-06-17T17:16:21","guid":{"rendered":"https:\/\/tvtecjundiai.com.br\/news\/?p=77727"},"modified":"2021-06-17T14:16:31","modified_gmt":"2021-06-17T17:16:31","slug":"detalhes-da-elaboracao-do-plano-plurianual-sao-apresentados-em-live","status":"publish","type":"post","link":"https:\/\/tvtecjundiai.com.br\/news\/2021\/06\/17\/detalhes-da-elaboracao-do-plano-plurianual-sao-apresentados-em-live\/","title":{"rendered":"Detalhes da elabora\u00e7\u00e3o do Plano Plurianual s\u00e3o apresentados em live"},"content":{"rendered":"\n<p>Durante pouco mais de uma hora, na manh\u00e3 desta quinta-feira (17), a popula\u00e7\u00e3o pode acompanhar a transmiss\u00e3o ao vivo pelos canais de comunica\u00e7\u00e3o da Prefeitura de Jundia\u00ed (Facebook e Youtube) e da TVTEC (Facebook) a live sobre o Plano Plurianual 2022-2025 \u2013 que est\u00e1 em elabora\u00e7\u00e3o \u2013 e a Consulta P\u00fablica aberta para a manifesta\u00e7\u00e3o dos moradores da cidade. O projeto de lei deve ser entregue em agosto \u00e0 C\u00e2mara de Jundia\u00ed.<\/p>\n\n\n\n<p>O prefeito Luiz Fernando Machado, que esteve em compromisso na Capital, no Pal\u00e1cio dos Bandeirantes no momento da apresenta\u00e7\u00e3o virtual, participou em v\u00eddeo, convidando os jundiaienses para contribuir ao processo. \u201cEstamos fazendo uma consulta p\u00fablica para que a popula\u00e7\u00e3o colabore com o planejamento da cidade para os pr\u00f3ximos quatro anos. Cidade boa \u00e9 aquela que avan\u00e7a sem deixar ningu\u00e9m para tr\u00e1s\u201d, convidou.<\/p>\n\n\n\n<p>\u201cA administra\u00e7\u00e3o de uma cidade \u00e9 como uma fam\u00edlia. O planejamento \u00e9 feito com todos conversando, apresentando os projetos, as necessidades e, em conjunto, s\u00e3o definidas as prioridades. \u00c9 esta analogia que aplica-se \u00e0 elabora\u00e7\u00e3o do PPA. A Consulta P\u00fablica foi desenvolvida especialmente para que o mun\u00edcipe possa participar, indicando suas prioridades. Tem um banner na abertura do site da Prefeitura com o link do question\u00e1rio. Al\u00e9m disso, j\u00e1 foram realizados encontros virtuais, grupos focais e uma pesquisa com 1 mil moradores de toda a cidade que opinaram sobre as necessidades do seu bairro e da cidade\u201d, detalha o gestor da Unidade de Gest\u00e3o de Governo e Finan\u00e7as (UGGF) Jos\u00e9 Antonio Parimoschi, que fez a abertura e apresenta\u00e7\u00e3o de projetos j\u00e1 realizados e em andamento pelo PPA anterior, como a Cl\u00ednica da Fam\u00edlia do Novo Horizonte, o recapeamento e asfalto ecol\u00f3gico pelo Mais Asfalto, Escola Inovadora, Nova UBS e a economia criativa \u2013 com a oferta de cursos de capacita\u00e7\u00e3o e incentivo ao empreendedorismo.<\/p>\n\n\n\n<figure class=\"wp-block-image size-large\"><img loading=\"lazy\" decoding=\"async\" width=\"1200\" height=\"800\" src=\"https:\/\/tvtecjundiai.com.br\/news\/wp-content\/uploads\/sites\/2\/2021\/06\/apresentacao-ppa-em-live_c_-1-1200x800.jpg\" alt=\"\" class=\"wp-image-77728\" srcset=\"https:\/\/tvtecjundiai.com.br\/news\/wp-content\/uploads\/sites\/2\/2021\/06\/apresentacao-ppa-em-live_c_-1-1200x800.jpg 1200w, https:\/\/tvtecjundiai.com.br\/news\/wp-content\/uploads\/sites\/2\/2021\/06\/apresentacao-ppa-em-live_c_-1-300x200.jpg 300w, https:\/\/tvtecjundiai.com.br\/news\/wp-content\/uploads\/sites\/2\/2021\/06\/apresentacao-ppa-em-live_c_-1-768x512.jpg 768w, https:\/\/tvtecjundiai.com.br\/news\/wp-content\/uploads\/sites\/2\/2021\/06\/apresentacao-ppa-em-live_c_-1.jpg 1280w\" sizes=\"auto, (max-width: 1200px) 100vw, 1200px\" \/><figcaption>Apresenta\u00e7\u00e3o do processo de elabora\u00e7\u00e3o do PPA foi realizada em canais digitais da Prefeitura de Jundia\u00ed e da TVTEC<\/figcaption><\/figure>\n\n\n\n<p>De acordo com o diretor de Planejamento e Governan\u00e7a da Unidade de Gest\u00e3o de Governo e Finan\u00e7as (UGGF), Fernando Polo, a Consulta P\u00fablica segue at\u00e9 o dia 9 de julho. Ap\u00f3s esse prazo, todas as indica\u00e7\u00f5es ser\u00e3o avaliadas pelos t\u00e9cnicos. \u201cSer\u00e3o observadas quest\u00f5es or\u00e7ament\u00e1rias e de execu\u00e7\u00e3o para todas as indica\u00e7\u00f5es da popula\u00e7\u00e3o, sejam aquelas feitas durante o processo de Consulta P\u00fablica ou nas demais ferramentas de elabora\u00e7\u00e3o do PPA. No in\u00edcio de agosto ser\u00e1 realizada audi\u00eancia p\u00fablica virtual para a apresenta\u00e7\u00e3o do plano completo, com todas as colabora\u00e7\u00f5es da popula\u00e7\u00e3o\u201d, detalha.<\/p>\n\n\n\n<p><em>(Texto\/Imagem: Prefeitura de Jundia\u00ed)<\/em><\/p>\n","protected":false},"excerpt":{"rendered":"<p>O projeto de lei deve ser entregue em agosto \u00e0 C\u00e2mara de Jundia\u00ed<\/p>\n","protected":false},"author":28,"featured_media":77728,"comment_status":"closed","ping_status":"closed","sticky":false,"template":"","format":"standard","meta":{"footnotes":""},"categories":[8356,1],"tags":[],"class_list":["post-77727","post","type-post","status-publish","format-standard","has-post-thumbnail","hentry","category-jundiai","category-noticias"],"_links":{"self":[{"href":"https:\/\/tvtecjundiai.com.br\/news\/wp-json\/wp\/v2\/posts\/77727","targetHints":{"allow":["GET"]}}],"collection":[{"href":"https:\/\/tvtecjundiai.com.br\/news\/wp-json\/wp\/v2\/posts"}],"about":[{"href":"https:\/\/tvtecjundiai.com.br\/news\/wp-json\/wp\/v2\/types\/post"}],"author":[{"embeddable":true,"href":"https:\/\/tvtecjundiai.com.br\/news\/wp-json\/wp\/v2\/users\/28"}],"replies":[{"embeddable":true,"href":"https:\/\/tvtecjundiai.com.br\/news\/wp-json\/wp\/v2\/comments?post=77727"}],"version-history":[{"count":1,"href":"https:\/\/tvtecjundiai.com.br\/news\/wp-json\/wp\/v2\/posts\/77727\/revisions"}],"predecessor-version":[{"id":77729,"href":"https:\/\/tvtecjundiai.com.br\/news\/wp-json\/wp\/v2\/posts\/77727\/revisions\/77729"}],"wp:featuredmedia":[{"embeddable":true,"href":"https:\/\/tvtecjundiai.com.br\/news\/wp-json\/wp\/v2\/media\/77728"}],"wp:attachment":[{"href":"https:\/\/tvtecjundiai.com.br\/news\/wp-json\/wp\/v2\/media?parent=77727"}],"wp:term":[{"taxonomy":"category","embeddable":true,"href":"https:\/\/tvtecjundiai.com.br\/news\/wp-json\/wp\/v2\/categories?post=77727"},{"taxonomy":"post_tag","embeddable":true,"href":"https:\/\/tvtecjundiai.com.br\/news\/wp-json\/wp\/v2\/tags?post=77727"}],"curies":[{"name":"wp","href":"https:\/\/api.w.org\/{rel}","templated":true}]}}