{"id":77738,"date":"2021-06-17T16:17:50","date_gmt":"2021-06-17T19:17:50","guid":{"rendered":"https:\/\/tvtecjundiai.com.br\/news\/?p=77738"},"modified":"2021-06-17T16:17:57","modified_gmt":"2021-06-17T19:17:57","slug":"no-hospital-sao-vicente-ambulatorio-de-ortopedia-conta-com-novo-fluxo-de-acesso","status":"publish","type":"post","link":"https:\/\/tvtecjundiai.com.br\/news\/2021\/06\/17\/no-hospital-sao-vicente-ambulatorio-de-ortopedia-conta-com-novo-fluxo-de-acesso\/","title":{"rendered":"No Hospital S\u00e3o Vicente, ambulat\u00f3rio de Ortopedia conta com novo fluxo de acesso"},"content":{"rendered":"\n<p>Em fun\u00e7\u00e3o de novas adequa\u00e7\u00f5es no n\u00famero de leitos para atendimento a pacientes v\u00edtimas da COVID-19, o Hospital de Caridade S\u00e3o Vicente de Paulo (HSV) informa que a partir desta quinta-feira (17) realiza nova adequa\u00e7\u00e3o de fluxo para atendimento em seu Ambulat\u00f3rio de Ortopedia. <\/p>\n\n\n\n<p>O atendimento passa a ser realizado no Pronto Socorro de Ortopedia, que fica ao lado do espa\u00e7o, com rampa de acesso. O novo fluxo \u00e9 tempor\u00e1rio e a equipe do HSV\u00a0 faz a distribui\u00e7\u00e3o das senhas para atendimento no local.<\/p>\n\n\n\n<figure class=\"wp-block-image size-large\"><img loading=\"lazy\" decoding=\"async\" width=\"1127\" height=\"771\" src=\"https:\/\/tvtecjundiai.com.br\/news\/wp-content\/uploads\/sites\/2\/2021\/06\/Acesso-deve-ser-realizado-pela-rampa-do-Pronto-Socorro-de-Ortopedia.jpg\" alt=\"\" class=\"wp-image-77739\" srcset=\"https:\/\/tvtecjundiai.com.br\/news\/wp-content\/uploads\/sites\/2\/2021\/06\/Acesso-deve-ser-realizado-pela-rampa-do-Pronto-Socorro-de-Ortopedia.jpg 1127w, https:\/\/tvtecjundiai.com.br\/news\/wp-content\/uploads\/sites\/2\/2021\/06\/Acesso-deve-ser-realizado-pela-rampa-do-Pronto-Socorro-de-Ortopedia-300x205.jpg 300w, https:\/\/tvtecjundiai.com.br\/news\/wp-content\/uploads\/sites\/2\/2021\/06\/Acesso-deve-ser-realizado-pela-rampa-do-Pronto-Socorro-de-Ortopedia-768x525.jpg 768w\" sizes=\"auto, (max-width: 1127px) 100vw, 1127px\" \/><figcaption>Acesso deve ser realizado pela rampa do Pronto Socorro de Ortopedia<\/figcaption><\/figure>\n\n\n\n<p>A institui\u00e7\u00e3o refor\u00e7a ainda, que os atendimentos do Ambulat\u00f3rio de Especialidades permanecem no pr\u00e9dio do N\u00facleo Integrado de Sa\u00fade (NIS), localizado na Rua Carlos de Salles Bloch, n\u00ba 74, Anhangaba\u00fa.<\/p>\n\n\n\n<p><em>(Texto\/Imagem: Assessoria de Imprensa)<\/em><\/p>\n","protected":false},"excerpt":{"rendered":"<p>Acesso deve ser realizado pela rampa do Pronto Socorro de Ortopedia<\/p>\n","protected":false},"author":28,"featured_media":77739,"comment_status":"closed","ping_status":"closed","sticky":false,"template":"","format":"standard","meta":{"footnotes":""},"categories":[8356,1],"tags":[],"class_list":["post-77738","post","type-post","status-publish","format-standard","has-post-thumbnail","hentry","category-jundiai","category-noticias"],"_links":{"self":[{"href":"https:\/\/tvtecjundiai.com.br\/news\/wp-json\/wp\/v2\/posts\/77738","targetHints":{"allow":["GET"]}}],"collection":[{"href":"https:\/\/tvtecjundiai.com.br\/news\/wp-json\/wp\/v2\/posts"}],"about":[{"href":"https:\/\/tvtecjundiai.com.br\/news\/wp-json\/wp\/v2\/types\/post"}],"author":[{"embeddable":true,"href":"https:\/\/tvtecjundiai.com.br\/news\/wp-json\/wp\/v2\/users\/28"}],"replies":[{"embeddable":true,"href":"https:\/\/tvtecjundiai.com.br\/news\/wp-json\/wp\/v2\/comments?post=77738"}],"version-history":[{"count":1,"href":"https:\/\/tvtecjundiai.com.br\/news\/wp-json\/wp\/v2\/posts\/77738\/revisions"}],"predecessor-version":[{"id":77740,"href":"https:\/\/tvtecjundiai.com.br\/news\/wp-json\/wp\/v2\/posts\/77738\/revisions\/77740"}],"wp:featuredmedia":[{"embeddable":true,"href":"https:\/\/tvtecjundiai.com.br\/news\/wp-json\/wp\/v2\/media\/77739"}],"wp:attachment":[{"href":"https:\/\/tvtecjundiai.com.br\/news\/wp-json\/wp\/v2\/media?parent=77738"}],"wp:term":[{"taxonomy":"category","embeddable":true,"href":"https:\/\/tvtecjundiai.com.br\/news\/wp-json\/wp\/v2\/categories?post=77738"},{"taxonomy":"post_tag","embeddable":true,"href":"https:\/\/tvtecjundiai.com.br\/news\/wp-json\/wp\/v2\/tags?post=77738"}],"curies":[{"name":"wp","href":"https:\/\/api.w.org\/{rel}","templated":true}]}}