{"id":77741,"date":"2021-06-17T16:48:34","date_gmt":"2021-06-17T19:48:34","guid":{"rendered":"https:\/\/tvtecjundiai.com.br\/news\/?p=77741"},"modified":"2021-06-17T16:54:21","modified_gmt":"2021-06-17T19:54:21","slug":"covid-19-sete-obitos-foram-contabilizados-na-tarde-desta-quinta-feira-17-em-jundiai-1","status":"publish","type":"post","link":"https:\/\/tvtecjundiai.com.br\/news\/2021\/06\/17\/covid-19-sete-obitos-foram-contabilizados-na-tarde-desta-quinta-feira-17-em-jundiai-1\/","title":{"rendered":"Jundia\u00ed ultrapassa 1.300 \u00f3bitos por COVID-19 nesta quinta-feira (17)"},"content":{"rendered":"\n<p>A Prefeitura de Jundia\u00ed informa que, nesta quinta-feira (17), sete \u00f3bitos foram contabilizados de residentes na cidade causados pelo Novo Coronav\u00edrus.<\/p>\n\n\n\n<p>Mulher, 50 anos, obesa. Internou 14\/06 e faleceu 16\/06 no hospital S\u00e3o Vicente.<\/p>\n\n\n\n<p>Mulher, 63 anos, sem comorbidades registradas. Internou 03\/06 e faleceu 16\/06 no hospital S\u00e3o Vicente.<\/p>\n\n\n\n<p>Homem, 66 anos, portador de doen\u00e7a cardiovascular cr\u00f4nica e diabetes. Internou 08\/06 e faleceu 16\/06 no hospital S\u00e3o Vicente.<\/p>\n\n\n\n<p>Mulher, 61 anos, portadora de doen\u00e7a cardiovascular cr\u00f4nica. Internou 04\/06 e faleceu 16\/06 no hospital S\u00e3o Vicente.<\/p>\n\n\n\n<p>Mulher, 74 anos, diab\u00e9tico. Internou 08\/06 e faleceu 16\/06 em hospital privado da cidade.<\/p>\n\n\n\n<p>Homem, 61 anos, sem comorbidades registradas. Faleceu 16\/06 na resid\u00eancia.<\/p>\n\n\n\n<p>Homem, 38 anos, sem comorbidades registradas. Internou 13\/06 e faleceu 17\/06 no hospital S\u00e3o Vicente.<\/p>\n\n\n\n<p>At\u00e9 o momento, a cidade registra 1302 \u00f3bitos causados pela COVID-19 desde o in\u00edcio da pandemia.<\/p>\n\n\n\n<figure class=\"wp-block-image size-large\"><img loading=\"lazy\" decoding=\"async\" width=\"960\" height=\"960\" src=\"https:\/\/tvtecjundiai.com.br\/news\/wp-content\/uploads\/sites\/2\/2021\/06\/slide1-12-960x960.png\" alt=\"\" class=\"wp-image-77742\" srcset=\"https:\/\/tvtecjundiai.com.br\/news\/wp-content\/uploads\/sites\/2\/2021\/06\/slide1-12-960x960.png 960w, https:\/\/tvtecjundiai.com.br\/news\/wp-content\/uploads\/sites\/2\/2021\/06\/slide1-12-300x300.png 300w, https:\/\/tvtecjundiai.com.br\/news\/wp-content\/uploads\/sites\/2\/2021\/06\/slide1-12-100x100.png 100w, https:\/\/tvtecjundiai.com.br\/news\/wp-content\/uploads\/sites\/2\/2021\/06\/slide1-12-768x768.png 768w, https:\/\/tvtecjundiai.com.br\/news\/wp-content\/uploads\/sites\/2\/2021\/06\/slide1-12.png 1280w\" sizes=\"auto, (max-width: 960px) 100vw, 960px\" \/><\/figure>\n\n\n\n<figure class=\"wp-block-image size-large\"><img loading=\"lazy\" decoding=\"async\" width=\"960\" height=\"960\" src=\"https:\/\/tvtecjundiai.com.br\/news\/wp-content\/uploads\/sites\/2\/2021\/06\/slide2-11-960x960.png\" alt=\"\" class=\"wp-image-77743\" srcset=\"https:\/\/tvtecjundiai.com.br\/news\/wp-content\/uploads\/sites\/2\/2021\/06\/slide2-11-960x960.png 960w, https:\/\/tvtecjundiai.com.br\/news\/wp-content\/uploads\/sites\/2\/2021\/06\/slide2-11-300x300.png 300w, https:\/\/tvtecjundiai.com.br\/news\/wp-content\/uploads\/sites\/2\/2021\/06\/slide2-11-100x100.png 100w, https:\/\/tvtecjundiai.com.br\/news\/wp-content\/uploads\/sites\/2\/2021\/06\/slide2-11-768x768.png 768w, https:\/\/tvtecjundiai.com.br\/news\/wp-content\/uploads\/sites\/2\/2021\/06\/slide2-11.png 1280w\" sizes=\"auto, (max-width: 960px) 100vw, 960px\" \/><\/figure>\n\n\n\n<p><em>(Texto\/Imagem: Prefeitura de Jundia\u00ed)<\/em><\/p>\n","protected":false},"excerpt":{"rendered":"<p>\u00d3bito mais jovem foi de um homem de 38 anos, sem comorbidades registradas<\/p>\n","protected":false},"author":28,"featured_media":68293,"comment_status":"closed","ping_status":"closed","sticky":false,"template":"","format":"standard","meta":{"footnotes":""},"categories":[8356,1],"tags":[],"class_list":["post-77741","post","type-post","status-publish","format-standard","has-post-thumbnail","hentry","category-jundiai","category-noticias"],"_links":{"self":[{"href":"https:\/\/tvtecjundiai.com.br\/news\/wp-json\/wp\/v2\/posts\/77741","targetHints":{"allow":["GET"]}}],"collection":[{"href":"https:\/\/tvtecjundiai.com.br\/news\/wp-json\/wp\/v2\/posts"}],"about":[{"href":"https:\/\/tvtecjundiai.com.br\/news\/wp-json\/wp\/v2\/types\/post"}],"author":[{"embeddable":true,"href":"https:\/\/tvtecjundiai.com.br\/news\/wp-json\/wp\/v2\/users\/28"}],"replies":[{"embeddable":true,"href":"https:\/\/tvtecjundiai.com.br\/news\/wp-json\/wp\/v2\/comments?post=77741"}],"version-history":[{"count":2,"href":"https:\/\/tvtecjundiai.com.br\/news\/wp-json\/wp\/v2\/posts\/77741\/revisions"}],"predecessor-version":[{"id":77746,"href":"https:\/\/tvtecjundiai.com.br\/news\/wp-json\/wp\/v2\/posts\/77741\/revisions\/77746"}],"wp:featuredmedia":[{"embeddable":true,"href":"https:\/\/tvtecjundiai.com.br\/news\/wp-json\/wp\/v2\/media\/68293"}],"wp:attachment":[{"href":"https:\/\/tvtecjundiai.com.br\/news\/wp-json\/wp\/v2\/media?parent=77741"}],"wp:term":[{"taxonomy":"category","embeddable":true,"href":"https:\/\/tvtecjundiai.com.br\/news\/wp-json\/wp\/v2\/categories?post=77741"},{"taxonomy":"post_tag","embeddable":true,"href":"https:\/\/tvtecjundiai.com.br\/news\/wp-json\/wp\/v2\/tags?post=77741"}],"curies":[{"name":"wp","href":"https:\/\/api.w.org\/{rel}","templated":true}]}}