{"id":77747,"date":"2021-06-17T17:26:14","date_gmt":"2021-06-17T20:26:14","guid":{"rendered":"https:\/\/tvtecjundiai.com.br\/news\/?p=77747"},"modified":"2021-06-17T17:26:17","modified_gmt":"2021-06-17T20:26:17","slug":"familias-de-baixa-renda-de-jundiai-vao-receber-vale-gas","status":"publish","type":"post","link":"https:\/\/tvtecjundiai.com.br\/news\/2021\/06\/17\/familias-de-baixa-renda-de-jundiai-vao-receber-vale-gas\/","title":{"rendered":"Fam\u00edlias de baixa renda de Jundia\u00ed v\u00e3o receber vale g\u00e1s"},"content":{"rendered":"\n<p>O prefeito de Jundia\u00ed, Luiz Fernando Machado, e a presidente do Fundo Social de Solidariedade, Vanessa Machado, participaram, na manh\u00e3 desta quinta-feira (17), do lan\u00e7amento do programa Vale G\u00e1s, do Governo do Estado de S\u00e3o Paulo, que vai beneficiar pessoas em situa\u00e7\u00e3o de vulnerabilidade, com vale para a compra de g\u00e1s de cozinha (GLP13).<\/p>\n\n\n\n<p>Por meio do programa, fam\u00edlias em situa\u00e7\u00e3o de pobreza ou extrema pobreza ter\u00e3o acesso a tr\u00eas parcelas bimestrais do benef\u00edcio, cada uma no valor de R$ 100, pagas bimestralmente, totalizando R$ 300, para a compra de botij\u00e3o. A previs\u00e3o para o pagamento da primeira parcela do benef\u00edcio \u00e9 20 de julho.<\/p>\n\n\n\n<p>\u201cEm um momento em que h\u00e1 um aumento da vulnerabilidade social, que fam\u00edlias perdem renda, al\u00e9m da distribui\u00e7\u00e3o do alimento, a preocupa\u00e7\u00e3o tamb\u00e9m \u00e9 com o g\u00e1s para que as pessoas possam preparar a comida. Jundia\u00ed est\u00e1 sempre em busca de oportunidades para que, principalmente, as pessoas mais vulner\u00e1veis tenham acesso aos benef\u00edcios sociais\u201d, comentou Luiz Fernando.<\/p>\n\n\n\n<figure class=\"wp-block-image size-large\"><img loading=\"lazy\" decoding=\"async\" width=\"1200\" height=\"800\" src=\"https:\/\/tvtecjundiai.com.br\/news\/wp-content\/uploads\/sites\/2\/2021\/06\/vale_gas_palacio_dos_bandeirantes-513-1200x800.jpg\" alt=\"\" class=\"wp-image-77748\" srcset=\"https:\/\/tvtecjundiai.com.br\/news\/wp-content\/uploads\/sites\/2\/2021\/06\/vale_gas_palacio_dos_bandeirantes-513-1200x800.jpg 1200w, https:\/\/tvtecjundiai.com.br\/news\/wp-content\/uploads\/sites\/2\/2021\/06\/vale_gas_palacio_dos_bandeirantes-513-300x200.jpg 300w, https:\/\/tvtecjundiai.com.br\/news\/wp-content\/uploads\/sites\/2\/2021\/06\/vale_gas_palacio_dos_bandeirantes-513-768x512.jpg 768w, https:\/\/tvtecjundiai.com.br\/news\/wp-content\/uploads\/sites\/2\/2021\/06\/vale_gas_palacio_dos_bandeirantes-513.jpg 1280w\" sizes=\"auto, (max-width: 1200px) 100vw, 1200px\" \/><figcaption>Vanessa e Luiz Fernando participaram do lan\u00e7amento do programa Vale G\u00e1s no Pal\u00e1cio dos Bandeirantes<\/figcaption><\/figure>\n\n\n\n<p>Segundo o governador Jo\u00e3o Doria, o programa vai atender 500 mil pessoas em todo o Estado, com investimento total de R$ 30 milh\u00f5es. \u201cEste \u00e9 um dos programas mais importantes, pois muda a vida de muita gente. Al\u00e9m de oferecer o alimento, tamb\u00e9m vai proporcionar que as pessoas possam preparar a comida\u201d, destacou.<\/p>\n\n\n\n<p><strong>Quem pode receber<\/strong><\/p>\n\n\n\n<p>Ter\u00e3o acesso ao programa as fam\u00edlias inscritas no Cadastro \u00danico do governo federal Cad\u00danico (sem Bolsa Fam\u00edlia) e com renda mensal per capita de at\u00e9 R$ 178,00. Para saber se poder\u00e1 ser inserido no programa, o mun\u00edcipe deve entrar no site oficial do Vale G\u00e1s (www.valegas.sp.gov.br) e consultar a elegibilidade ao benef\u00edcio. O site j\u00e1 est\u00e1 dispon\u00edvel e basta digitar o n\u00famero do NIS (N\u00famero de Inscri\u00e7\u00e3o Social) para ter acesso \u00e0s informa\u00e7\u00f5es.<\/p>\n\n\n\n<p>O Vale G\u00e1s \u00e9 um programa sob a gest\u00e3o da Secretaria de Desenvolvimento Social. Em todo o Estado, foram contempladas 82 cidades e 104.340 fam\u00edlias e moradores de comunidades carentes. \u201cCom essa iniciativa, o Governo de S\u00e3o Paulo d\u00e1 mais um passo importante para garantir a prote\u00e7\u00e3o social e seguran\u00e7a alimentar de fam\u00edlias em maior fragilidade frente aos desafios impostos pela pandemia\u201d, afirma a Secret\u00e1ria de Desenvolvimento Social do Estado de S\u00e3o Paulo, C\u00e9lia Parnes.<\/p>\n\n\n\n<figure class=\"wp-block-image size-large\"><img loading=\"lazy\" decoding=\"async\" width=\"1200\" height=\"800\" src=\"https:\/\/tvtecjundiai.com.br\/news\/wp-content\/uploads\/sites\/2\/2021\/06\/vale_gas_palacio_dos_bandeirantes-392-1200x800.jpg\" alt=\"\" class=\"wp-image-77749\" srcset=\"https:\/\/tvtecjundiai.com.br\/news\/wp-content\/uploads\/sites\/2\/2021\/06\/vale_gas_palacio_dos_bandeirantes-392-1200x800.jpg 1200w, https:\/\/tvtecjundiai.com.br\/news\/wp-content\/uploads\/sites\/2\/2021\/06\/vale_gas_palacio_dos_bandeirantes-392-300x200.jpg 300w, https:\/\/tvtecjundiai.com.br\/news\/wp-content\/uploads\/sites\/2\/2021\/06\/vale_gas_palacio_dos_bandeirantes-392-768x512.jpg 768w, https:\/\/tvtecjundiai.com.br\/news\/wp-content\/uploads\/sites\/2\/2021\/06\/vale_gas_palacio_dos_bandeirantes-392.jpg 1280w\" sizes=\"auto, (max-width: 1200px) 100vw, 1200px\" \/><figcaption>Cada fam\u00edlia receber\u00e1 R$ 100 bimestralmente para a compra de g\u00e1s de cozinha<\/figcaption><\/figure>\n\n\n\n<p><em>(Texto\/Imagem: Prefeitura de Jundia\u00ed)<\/em><\/p>\n","protected":false},"excerpt":{"rendered":"<p>Por meio do programa, fam\u00edlias em situa\u00e7\u00e3o de pobreza ou extrema pobreza ter\u00e3o acesso ao benef\u00edcio<\/p>\n","protected":false},"author":28,"featured_media":77748,"comment_status":"closed","ping_status":"closed","sticky":false,"template":"","format":"standard","meta":{"footnotes":""},"categories":[8356,1],"tags":[],"class_list":["post-77747","post","type-post","status-publish","format-standard","has-post-thumbnail","hentry","category-jundiai","category-noticias"],"_links":{"self":[{"href":"https:\/\/tvtecjundiai.com.br\/news\/wp-json\/wp\/v2\/posts\/77747","targetHints":{"allow":["GET"]}}],"collection":[{"href":"https:\/\/tvtecjundiai.com.br\/news\/wp-json\/wp\/v2\/posts"}],"about":[{"href":"https:\/\/tvtecjundiai.com.br\/news\/wp-json\/wp\/v2\/types\/post"}],"author":[{"embeddable":true,"href":"https:\/\/tvtecjundiai.com.br\/news\/wp-json\/wp\/v2\/users\/28"}],"replies":[{"embeddable":true,"href":"https:\/\/tvtecjundiai.com.br\/news\/wp-json\/wp\/v2\/comments?post=77747"}],"version-history":[{"count":1,"href":"https:\/\/tvtecjundiai.com.br\/news\/wp-json\/wp\/v2\/posts\/77747\/revisions"}],"predecessor-version":[{"id":77750,"href":"https:\/\/tvtecjundiai.com.br\/news\/wp-json\/wp\/v2\/posts\/77747\/revisions\/77750"}],"wp:featuredmedia":[{"embeddable":true,"href":"https:\/\/tvtecjundiai.com.br\/news\/wp-json\/wp\/v2\/media\/77748"}],"wp:attachment":[{"href":"https:\/\/tvtecjundiai.com.br\/news\/wp-json\/wp\/v2\/media?parent=77747"}],"wp:term":[{"taxonomy":"category","embeddable":true,"href":"https:\/\/tvtecjundiai.com.br\/news\/wp-json\/wp\/v2\/categories?post=77747"},{"taxonomy":"post_tag","embeddable":true,"href":"https:\/\/tvtecjundiai.com.br\/news\/wp-json\/wp\/v2\/tags?post=77747"}],"curies":[{"name":"wp","href":"https:\/\/api.w.org\/{rel}","templated":true}]}}