{"id":77751,"date":"2021-06-18T15:09:01","date_gmt":"2021-06-18T18:09:01","guid":{"rendered":"https:\/\/tvtecjundiai.com.br\/news\/?p=77751"},"modified":"2021-06-18T15:09:05","modified_gmt":"2021-06-18T18:09:05","slug":"prefeitura-de-jundiai-e-tvtec-abrem-mais-180-vagas-para-cursos-nesta-terca-feira-22","status":"publish","type":"post","link":"https:\/\/tvtecjundiai.com.br\/news\/2021\/06\/18\/prefeitura-de-jundiai-e-tvtec-abrem-mais-180-vagas-para-cursos-nesta-terca-feira-22\/","title":{"rendered":"Prefeitura de Jundia\u00ed e TVTEC abrem mais 180 vagas para cursos nesta ter\u00e7a-feira (22)"},"content":{"rendered":"\n<p>Nesta ter\u00e7a-feira (22), a Prefeitura de Jundia\u00ed em parceria com a TVTEC, abre mais 180 vagas para cursos online e gratuitos. As inscri\u00e7\u00f5es acontecem na pr\u00f3xima ter\u00e7a-feira (22), a partir das 10h.<\/p>\n\n\n\n<p>Para este lote, os cursos oferecidos s\u00e3o Orat\u00f3ria \u2013 Comunica\u00e7\u00e3o Assertiva, Cria\u00e7\u00e3o de Post para Redes Sociais no Canva, Tire seu Projeto do Papel, Oficina de Entrevista: do S\u00edlvio Santos a sua live no Insta, Introdu\u00e7\u00e3o ao Design de Jogos e Lightroom \u2013 Edi\u00e7\u00e3o de Foto com o Celular.<\/p>\n\n\n\n<p>As inscri\u00e7\u00f5es acontecem sempre \u00e0s 10h pelo site da TVTEC <a href=\"https:\/\/tvtecjundiai.com.br\/inscricoes\/\">https:\/\/tvtecjundiai.com.br\/inscricoes\/<\/a><\/p>\n\n\n\n<figure class=\"wp-block-image size-large\"><img loading=\"lazy\" decoding=\"async\" width=\"1200\" height=\"898\" src=\"https:\/\/tvtecjundiai.com.br\/news\/wp-content\/uploads\/sites\/2\/2021\/06\/fotomarcio-1200x898.jpeg\" alt=\"\" class=\"wp-image-77808\" srcset=\"https:\/\/tvtecjundiai.com.br\/news\/wp-content\/uploads\/sites\/2\/2021\/06\/fotomarcio-1200x898.jpeg 1200w, https:\/\/tvtecjundiai.com.br\/news\/wp-content\/uploads\/sites\/2\/2021\/06\/fotomarcio-300x225.jpeg 300w, https:\/\/tvtecjundiai.com.br\/news\/wp-content\/uploads\/sites\/2\/2021\/06\/fotomarcio-768x575.jpeg 768w, https:\/\/tvtecjundiai.com.br\/news\/wp-content\/uploads\/sites\/2\/2021\/06\/fotomarcio.jpeg 1280w\" sizes=\"auto, (max-width: 1200px) 100vw, 1200px\" \/><figcaption>Um dos cursos oferecidos \u00e9 a Oficina de Entrevista, ministrado pelo apresentador M\u00e1rcio Miguel<\/figcaption><\/figure>\n\n\n\n<p>Confira abaixo os cursos e hor\u00e1rios oferecidos para este lote:<\/p>\n\n\n\n<p><strong>Lote 4<\/strong><\/p>\n\n\n\n<p><strong>Inscri\u00e7\u00f5es dia 22\/06 \u00e0s 10h<\/strong><\/p>\n\n\n\n<p><br><strong>ORAT\u00d3RIA &#8211; COMUNICA\u00c7\u00c3O ASSERTIVA<\/strong><\/p>\n\n\n\n<p><strong>KARINA PACHIEGA&nbsp;<\/strong><\/p>\n\n\n\n<p>Dias: 28 e 30\/06<\/p>\n\n\n\n<p>Das 9h \u00e0s 12h<\/p>\n\n\n\n<p>50 vagas &#8211; Carga: 6h<\/p>\n\n\n\n<p>Saiba mais: <a href=\"https:\/\/bit.ly\/3vlDEMS\">https:\/\/bit.ly\/3vlDEMS<\/a><\/p>\n\n\n\n<p><br><strong>CRIA\u00c7\u00c3O DE POST PARA REDES SOCIAIS NO CANVA<\/strong><\/p>\n\n\n\n<p><strong>FABIANA PINCINATO<\/strong><\/p>\n\n\n\n<p>Dias: 28 e 30\/06<\/p>\n\n\n\n<p>Das 9h \u00e0s 12h<\/p>\n\n\n\n<p>20 vagas &#8211; Carga: 6h<\/p>\n\n\n\n<p>Saiba mais: <a href=\"https:\/\/bit.ly\/criacaopostredessociais\">https:\/\/bit.ly\/criacaopostredessociais<\/a><\/p>\n\n\n\n<p><br><strong>TIRE SEU PROJETO DO PAPEL<\/strong><\/p>\n\n\n\n<p><strong>ON\u00d3FRIO NOTARNICOLA&nbsp;<\/strong><\/p>\n\n\n\n<p>Dias: 28 e 29\/06<\/p>\n\n\n\n<p>Das 14h \u00e0s 16h<\/p>\n\n\n\n<p>30 vagas &#8211; Carga: 4h<\/p>\n\n\n\n<p>Saiba mais: <a href=\"https:\/\/bit.ly\/tireseuprojeto\">https:\/\/bit.ly\/tireseuprojeto<\/a><\/p>\n\n\n\n<p><br><strong>OFICINA DE ENTREVISTA: DO SILVIO SANTOS A SUA LIVE NO INSTA<\/strong><\/p>\n\n\n\n<p><strong>M\u00c1RCIO MIGUEL&nbsp;<\/strong><\/p>\n\n\n\n<p>Dias: 28 e 29\/06<\/p>\n\n\n\n<p>Das 19h \u00e0s 22h<\/p>\n\n\n\n<p>30 vagas &#8211; Carga: 6h<\/p>\n\n\n\n<p>Saiba mais: <a href=\"https:\/\/bit.ly\/2RPaCXl\">https:\/\/bit.ly\/2RPaCXl<\/a><\/p>\n\n\n\n<p><strong><br>INTRODU\u00c7\u00c3O AO DESIGN DE JOGOS<\/strong><\/p>\n\n\n\n<p><strong>GUILHERME CANELA<\/strong><\/p>\n\n\n\n<p>Dias: 28 e 30\/06<\/p>\n\n\n\n<p>Das 19h \u00e0s 22h<\/p>\n\n\n\n<p>20 vagas &#8211; Carga: 6h<\/p>\n\n\n\n<p>Saiba mais: <a href=\"https:\/\/bit.ly\/introducaodesigndejogos\">https:\/\/bit.ly\/introducaodesigndejogos<\/a><\/p>\n\n\n\n<p><br><strong>LIGHTROOM &#8211; EDI\u00c7\u00c3O DE FOTO COM O CELULAR<\/strong><\/p>\n\n\n\n<p><strong>LUCAS CASALLE<\/strong><\/p>\n\n\n\n<p>Dias: 29 e 30\/06<\/p>\n\n\n\n<p>Das 19h \u00e0s 22h<\/p>\n\n\n\n<p>30 vagas &#8211; Carga: 6h<\/p>\n\n\n\n<p>Saiba mais: <a href=\"https:\/\/bit.ly\/lightroomedicaofoto\">https:\/\/bit.ly\/lightroomedicaofoto<\/a><\/p>\n\n\n\n<p><em>(Texto\/Imagem: TVTEC)<\/em><\/p>\n","protected":false},"excerpt":{"rendered":"<p>Entre os cursos oferecidos neste lote est\u00e3o Oficina de Entrevista e Introdu\u00e7\u00e3o ao Design de Jogos<\/p>\n","protected":false},"author":28,"featured_media":77808,"comment_status":"closed","ping_status":"closed","sticky":false,"template":"","format":"standard","meta":{"footnotes":""},"categories":[8356,1],"tags":[],"class_list":["post-77751","post","type-post","status-publish","format-standard","has-post-thumbnail","hentry","category-jundiai","category-noticias"],"_links":{"self":[{"href":"https:\/\/tvtecjundiai.com.br\/news\/wp-json\/wp\/v2\/posts\/77751","targetHints":{"allow":["GET"]}}],"collection":[{"href":"https:\/\/tvtecjundiai.com.br\/news\/wp-json\/wp\/v2\/posts"}],"about":[{"href":"https:\/\/tvtecjundiai.com.br\/news\/wp-json\/wp\/v2\/types\/post"}],"author":[{"embeddable":true,"href":"https:\/\/tvtecjundiai.com.br\/news\/wp-json\/wp\/v2\/users\/28"}],"replies":[{"embeddable":true,"href":"https:\/\/tvtecjundiai.com.br\/news\/wp-json\/wp\/v2\/comments?post=77751"}],"version-history":[{"count":2,"href":"https:\/\/tvtecjundiai.com.br\/news\/wp-json\/wp\/v2\/posts\/77751\/revisions"}],"predecessor-version":[{"id":77809,"href":"https:\/\/tvtecjundiai.com.br\/news\/wp-json\/wp\/v2\/posts\/77751\/revisions\/77809"}],"wp:featuredmedia":[{"embeddable":true,"href":"https:\/\/tvtecjundiai.com.br\/news\/wp-json\/wp\/v2\/media\/77808"}],"wp:attachment":[{"href":"https:\/\/tvtecjundiai.com.br\/news\/wp-json\/wp\/v2\/media?parent=77751"}],"wp:term":[{"taxonomy":"category","embeddable":true,"href":"https:\/\/tvtecjundiai.com.br\/news\/wp-json\/wp\/v2\/categories?post=77751"},{"taxonomy":"post_tag","embeddable":true,"href":"https:\/\/tvtecjundiai.com.br\/news\/wp-json\/wp\/v2\/tags?post=77751"}],"curies":[{"name":"wp","href":"https:\/\/api.w.org\/{rel}","templated":true}]}}