{"id":77753,"date":"2021-06-17T17:47:39","date_gmt":"2021-06-17T20:47:39","guid":{"rendered":"https:\/\/tvtecjundiai.com.br\/news\/?p=77753"},"modified":"2021-06-17T17:47:43","modified_gmt":"2021-06-17T20:47:43","slug":"representantes-de-itatiba-conhecem-a-estrutura-do-departamento-de-convenios","status":"publish","type":"post","link":"https:\/\/tvtecjundiai.com.br\/news\/2021\/06\/17\/representantes-de-itatiba-conhecem-a-estrutura-do-departamento-de-convenios\/","title":{"rendered":"Representantes de Itatiba conhecem a Estrutura do Departamento de Conv\u00eanios"},"content":{"rendered":"\n<p>A atua\u00e7\u00e3o do Departamento de Conv\u00eanios e Parcerias, \u00f3rg\u00e3o da Unidade de Gest\u00e3o da Casa Civil, chamou a aten\u00e7\u00e3o de representantes da Prefeitura de Itatiba que, nesta quinta-feira (17), estiveram na cidade para conhecer de perto o trabalho que se tornou refer\u00eancia pela coordena\u00e7\u00e3o, execu\u00e7\u00e3o e monitoramento de conv\u00eanios e parcerias efetivadas pelo munic\u00edpio. O grupo foi recebido pelo gestor da Casa Civil, Gustavo Maryssael, e pelo Diretor do Departamento de Conv\u00eanios e Parcerias, Tales Calegari.<\/p>\n\n\n\n<p>\u201cEm Jundia\u00ed, foram priorizados investimentos em programas inovadores e o servi\u00e7o p\u00fablico foi reorganizado. Criado pela gest\u00e3o, o Departamento de Conv\u00eanios centraliza a an\u00e1lise conjuntural, auxiliando a administra\u00e7\u00e3o na busca, na efetiva\u00e7\u00e3o e na gest\u00e3o dos conv\u00eanios e das parcerias, e tamb\u00e9m atua na capta\u00e7\u00e3o de recursos nas esferas estadual e federal. Essa centraliza\u00e7\u00e3o tem trazido resultados positivos que refletem na comunidade como um todo\u201d, ressaltou Maryssael.<\/p>\n\n\n\n<figure class=\"wp-block-image size-large\"><img loading=\"lazy\" decoding=\"async\" width=\"1200\" height=\"800\" src=\"https:\/\/tvtecjundiai.com.br\/news\/wp-content\/uploads\/sites\/2\/2021\/06\/casa-civil-pmj-recebe-visita-da-prefeitura-de-itatiba_c_-4-1200x800.jpg\" alt=\"\" class=\"wp-image-77754\" srcset=\"https:\/\/tvtecjundiai.com.br\/news\/wp-content\/uploads\/sites\/2\/2021\/06\/casa-civil-pmj-recebe-visita-da-prefeitura-de-itatiba_c_-4-1200x800.jpg 1200w, https:\/\/tvtecjundiai.com.br\/news\/wp-content\/uploads\/sites\/2\/2021\/06\/casa-civil-pmj-recebe-visita-da-prefeitura-de-itatiba_c_-4-300x200.jpg 300w, https:\/\/tvtecjundiai.com.br\/news\/wp-content\/uploads\/sites\/2\/2021\/06\/casa-civil-pmj-recebe-visita-da-prefeitura-de-itatiba_c_-4-768x512.jpg 768w, https:\/\/tvtecjundiai.com.br\/news\/wp-content\/uploads\/sites\/2\/2021\/06\/casa-civil-pmj-recebe-visita-da-prefeitura-de-itatiba_c_-4.jpg 1280w\" sizes=\"auto, (max-width: 1200px) 100vw, 1200px\" \/><figcaption>Detalhes sobre din\u00e2mica de trabalho do departamento foram apresentados<\/figcaption><\/figure>\n\n\n\n<p>Para Calegari, \u00e9 importante ter a oportunidade de compartilhar a experi\u00eancia com outras cidades. \u201cSeguindo as orienta\u00e7\u00f5es do Prefeito Luiz Fernando, criamos diversas ferramentas de gest\u00e3o que nos permitiram v\u00e1rias conquistas, que nos tornam refer\u00eancia. \u00c9 importante compartilhar toda a din\u00e2mica de trabalho para que outros munic\u00edpios tamb\u00e9m tenham \u00eaxito nessa \u00e1rea t\u00e3o importante\u201d, frisou.<\/p>\n\n\n\n<p>Segundo a encarregada de conv\u00eanios da Secretaria de Governo de Itatiba, Melissa Delforno, o intuito ao conhecer de perto a estrutura de Jundia\u00ed, \u00e9 levar a experi\u00eancia para a cidade vizinha, reformulando o setor. \u201cEstamos buscando conhecimento e Jundia\u00ed \u00e9 uma refer\u00eancia. Viemos aprender, conhecer toda a estrutura, para iniciarmos a reestrutura\u00e7\u00e3o do nosso \u00f3rg\u00e3o\u201d.<\/p>\n\n\n\n<p><em>(Texto\/Imagem: Prefeitura de Jundia\u00ed)<\/em><\/p>\n","protected":false},"excerpt":{"rendered":"<p>Representantes da Prefeitura de Itatiba estiveram na cidade para conhecer o trabalho que se tornou refer\u00eancia<\/p>\n","protected":false},"author":28,"featured_media":77754,"comment_status":"closed","ping_status":"closed","sticky":false,"template":"","format":"standard","meta":{"footnotes":""},"categories":[8356,1],"tags":[],"class_list":["post-77753","post","type-post","status-publish","format-standard","has-post-thumbnail","hentry","category-jundiai","category-noticias"],"_links":{"self":[{"href":"https:\/\/tvtecjundiai.com.br\/news\/wp-json\/wp\/v2\/posts\/77753","targetHints":{"allow":["GET"]}}],"collection":[{"href":"https:\/\/tvtecjundiai.com.br\/news\/wp-json\/wp\/v2\/posts"}],"about":[{"href":"https:\/\/tvtecjundiai.com.br\/news\/wp-json\/wp\/v2\/types\/post"}],"author":[{"embeddable":true,"href":"https:\/\/tvtecjundiai.com.br\/news\/wp-json\/wp\/v2\/users\/28"}],"replies":[{"embeddable":true,"href":"https:\/\/tvtecjundiai.com.br\/news\/wp-json\/wp\/v2\/comments?post=77753"}],"version-history":[{"count":1,"href":"https:\/\/tvtecjundiai.com.br\/news\/wp-json\/wp\/v2\/posts\/77753\/revisions"}],"predecessor-version":[{"id":77755,"href":"https:\/\/tvtecjundiai.com.br\/news\/wp-json\/wp\/v2\/posts\/77753\/revisions\/77755"}],"wp:featuredmedia":[{"embeddable":true,"href":"https:\/\/tvtecjundiai.com.br\/news\/wp-json\/wp\/v2\/media\/77754"}],"wp:attachment":[{"href":"https:\/\/tvtecjundiai.com.br\/news\/wp-json\/wp\/v2\/media?parent=77753"}],"wp:term":[{"taxonomy":"category","embeddable":true,"href":"https:\/\/tvtecjundiai.com.br\/news\/wp-json\/wp\/v2\/categories?post=77753"},{"taxonomy":"post_tag","embeddable":true,"href":"https:\/\/tvtecjundiai.com.br\/news\/wp-json\/wp\/v2\/tags?post=77753"}],"curies":[{"name":"wp","href":"https:\/\/api.w.org\/{rel}","templated":true}]}}