{"id":77759,"date":"2021-06-17T18:34:37","date_gmt":"2021-06-17T21:34:37","guid":{"rendered":"https:\/\/tvtecjundiai.com.br\/news\/?p=77759"},"modified":"2021-06-17T18:34:40","modified_gmt":"2021-06-17T21:34:40","slug":"simposio-do-patrimonio-cultural-discute-os-impactos-da-pandemia","status":"publish","type":"post","link":"https:\/\/tvtecjundiai.com.br\/news\/2021\/06\/17\/simposio-do-patrimonio-cultural-discute-os-impactos-da-pandemia\/","title":{"rendered":"Simp\u00f3sio do Patrim\u00f4nio Cultural discute os impactos da pandemia"},"content":{"rendered":"\n<p>Debater e refletir como a pandemia tem impactado nas esferas da cultura e do turismo, e discutir sobre os reflexos das medidas de enfrentamento da pandemia realizadas na din\u00e2mica do turismo e nas formas de utiliza\u00e7\u00e3o dos equipamentos culturais e do patrim\u00f4nio cultural e ambiental durante a fase de restri\u00e7\u00f5es \u00e0 circula\u00e7\u00e3o de pessoas e de ado\u00e7\u00e3o dos protocolos sanit\u00e1rios s\u00e3o o foco das atividades do 9\u00b0 Simp\u00f3sio do Patrim\u00f4nio Material e Imaterial de Jundia\u00ed-2021.<\/p>\n\n\n\n<p>O evento, que tamb\u00e9m integra as a\u00e7\u00f5es do M\u00eas do Patrim\u00f4nio Hist\u00f3rico e Cultural, acontecer\u00e1 de 25 a 28 de agosto tendo como tema central as rela\u00e7\u00f5es entre\u00a0Turismo, Territ\u00f3rio e Educa\u00e7\u00e3o Patrimonial: desafios no contexto da pandemia da COVID-19 numa realiza\u00e7\u00e3o da Prefeitura de Jundia\u00ed, por meio da Unidade de Gest\u00e3o de Cultura e do Departamento de Patrim\u00f4nio Hist\u00f3rico.<\/p>\n\n\n\n<figure class=\"wp-block-image size-large\"><img loading=\"lazy\" decoding=\"async\" width=\"1200\" height=\"800\" src=\"https:\/\/tvtecjundiai.com.br\/news\/wp-content\/uploads\/sites\/2\/2021\/06\/img_0128-1200x800.jpg\" alt=\"\" class=\"wp-image-77760\" srcset=\"https:\/\/tvtecjundiai.com.br\/news\/wp-content\/uploads\/sites\/2\/2021\/06\/img_0128-1200x800.jpg 1200w, https:\/\/tvtecjundiai.com.br\/news\/wp-content\/uploads\/sites\/2\/2021\/06\/img_0128-300x200.jpg 300w, https:\/\/tvtecjundiai.com.br\/news\/wp-content\/uploads\/sites\/2\/2021\/06\/img_0128-768x512.jpg 768w, https:\/\/tvtecjundiai.com.br\/news\/wp-content\/uploads\/sites\/2\/2021\/06\/img_0128.jpg 1280w\" sizes=\"auto, (max-width: 1200px) 100vw, 1200px\" \/><\/figure>\n\n\n\n<p>Professores, estudantes e acad\u00eamicos de diversas \u00e1reas, como historiadores, arquitetos e urbanistas, al\u00e9m de profissionais de outras \u00e1reas e entusiastas s\u00e3o convidados para participar gratuitamente das atividades que acontecer\u00e3o online.<\/p>\n\n\n\n<p>A programa\u00e7\u00e3o ser\u00e1 dividida em tr\u00eas eixos tem\u00e1ticos: Educa\u00e7\u00e3o Patrimonial, Cultura e Trabalho; Planejamento Territorial e o Direito \u00e0 cidade e Turismo Cultural e Patrim\u00f4nio com as discuss\u00f5es acad\u00eamicas acontecendo por meio de webconfer\u00eancias.<\/p>\n\n\n\n<p>O Simp\u00f3sio conta com as parceiras do Centro Paula Souza, Fatec de Itu Dom Amaury Castanho e Fatec Jundia\u00ed Deputado Ary Fossen sendo um evento do calend\u00e1rio municipal atrelado ao m\u00eas do Patrim\u00f4nio.<\/p>\n\n\n\n<p>As\u00a0 inscri\u00e7\u00f5es podem ser feitas no site\u00a0<a href=\"http:\/\/www.even3.com.br\/simposiopatrimoniojundiai\">www.even3.com.br\/simposiopatrimoniojundiai<\/a><\/p>\n\n\n\n<p><em>(Texto\/Imagem: Prefeitura de Jundia\u00ed)<\/em><\/p>\n","protected":false},"excerpt":{"rendered":"<p>O evento, que integra as a\u00e7\u00f5es do M\u00eas do Patrim\u00f4nio Hist\u00f3rico e Cultural, acontecer\u00e1 de 25 a 28 de agosto <\/p>\n","protected":false},"author":28,"featured_media":77760,"comment_status":"closed","ping_status":"closed","sticky":false,"template":"","format":"standard","meta":{"footnotes":""},"categories":[8356,1],"tags":[],"class_list":["post-77759","post","type-post","status-publish","format-standard","has-post-thumbnail","hentry","category-jundiai","category-noticias"],"_links":{"self":[{"href":"https:\/\/tvtecjundiai.com.br\/news\/wp-json\/wp\/v2\/posts\/77759","targetHints":{"allow":["GET"]}}],"collection":[{"href":"https:\/\/tvtecjundiai.com.br\/news\/wp-json\/wp\/v2\/posts"}],"about":[{"href":"https:\/\/tvtecjundiai.com.br\/news\/wp-json\/wp\/v2\/types\/post"}],"author":[{"embeddable":true,"href":"https:\/\/tvtecjundiai.com.br\/news\/wp-json\/wp\/v2\/users\/28"}],"replies":[{"embeddable":true,"href":"https:\/\/tvtecjundiai.com.br\/news\/wp-json\/wp\/v2\/comments?post=77759"}],"version-history":[{"count":1,"href":"https:\/\/tvtecjundiai.com.br\/news\/wp-json\/wp\/v2\/posts\/77759\/revisions"}],"predecessor-version":[{"id":77761,"href":"https:\/\/tvtecjundiai.com.br\/news\/wp-json\/wp\/v2\/posts\/77759\/revisions\/77761"}],"wp:featuredmedia":[{"embeddable":true,"href":"https:\/\/tvtecjundiai.com.br\/news\/wp-json\/wp\/v2\/media\/77760"}],"wp:attachment":[{"href":"https:\/\/tvtecjundiai.com.br\/news\/wp-json\/wp\/v2\/media?parent=77759"}],"wp:term":[{"taxonomy":"category","embeddable":true,"href":"https:\/\/tvtecjundiai.com.br\/news\/wp-json\/wp\/v2\/categories?post=77759"},{"taxonomy":"post_tag","embeddable":true,"href":"https:\/\/tvtecjundiai.com.br\/news\/wp-json\/wp\/v2\/tags?post=77759"}],"curies":[{"name":"wp","href":"https:\/\/api.w.org\/{rel}","templated":true}]}}