{"id":77765,"date":"2021-06-18T09:45:42","date_gmt":"2021-06-18T12:45:42","guid":{"rendered":"https:\/\/tvtecjundiai.com.br\/news\/?p=77765"},"modified":"2021-06-18T09:45:43","modified_gmt":"2021-06-18T12:45:43","slug":"festa-italiana-de-jundiai-continua-neste-fim-de-semana-em-novo-horario","status":"publish","type":"post","link":"https:\/\/tvtecjundiai.com.br\/news\/2021\/06\/18\/festa-italiana-de-jundiai-continua-neste-fim-de-semana-em-novo-horario\/","title":{"rendered":"Festa Italiana de Jundia\u00ed continua neste fim de semana em novo hor\u00e1rio"},"content":{"rendered":"\n<p>A Festa Italiana de Jundia\u00ed vai funcionar em novo hor\u00e1rio a partir deste fim de semana. No s\u00e1bado (19), o evento acontece das 18h \u00e0s 21h e, no domingo (20), das 11h \u00e0s 14h.<\/p>\n\n\n\n<p>A festa acontece na Par\u00f3quia Sagrado Cora\u00e7\u00e3o de Jesus, que fica na Rua Humberto Primo, 103, no bairro da Col\u00f4nia.<\/p>\n\n\n\n<p>Todo o dinheiro arrecadado na festa ser\u00e1 usado nas obras sociais e na manuten\u00e7\u00e3o da par\u00f3quia.<\/p>\n\n\n\n<div class=\"wp-block-image\"><figure class=\"aligncenter size-large is-resized\"><img loading=\"lazy\" decoding=\"async\" src=\"https:\/\/tvtecjundiai.com.br\/news\/wp-content\/uploads\/sites\/2\/2021\/06\/festa-italiaa.jpg\" alt=\"\" class=\"wp-image-77766\" width=\"731\" height=\"414\" \/><\/figure><\/div>\n","protected":false},"excerpt":{"rendered":"<p>No s\u00e1bado (19), o evento acontece das 18h \u00e0s 21h e, no domingo (20), das 11h \u00e0s 14h.<\/p>\n","protected":false},"author":25,"featured_media":77766,"comment_status":"closed","ping_status":"closed","sticky":false,"template":"","format":"standard","meta":{"footnotes":""},"categories":[2833,1],"tags":[],"class_list":["post-77765","post","type-post","status-publish","format-standard","has-post-thumbnail","hentry","category-cultura","category-noticias"],"_links":{"self":[{"href":"https:\/\/tvtecjundiai.com.br\/news\/wp-json\/wp\/v2\/posts\/77765","targetHints":{"allow":["GET"]}}],"collection":[{"href":"https:\/\/tvtecjundiai.com.br\/news\/wp-json\/wp\/v2\/posts"}],"about":[{"href":"https:\/\/tvtecjundiai.com.br\/news\/wp-json\/wp\/v2\/types\/post"}],"author":[{"embeddable":true,"href":"https:\/\/tvtecjundiai.com.br\/news\/wp-json\/wp\/v2\/users\/25"}],"replies":[{"embeddable":true,"href":"https:\/\/tvtecjundiai.com.br\/news\/wp-json\/wp\/v2\/comments?post=77765"}],"version-history":[{"count":1,"href":"https:\/\/tvtecjundiai.com.br\/news\/wp-json\/wp\/v2\/posts\/77765\/revisions"}],"predecessor-version":[{"id":77767,"href":"https:\/\/tvtecjundiai.com.br\/news\/wp-json\/wp\/v2\/posts\/77765\/revisions\/77767"}],"wp:featuredmedia":[{"embeddable":true,"href":"https:\/\/tvtecjundiai.com.br\/news\/wp-json\/wp\/v2\/media\/77766"}],"wp:attachment":[{"href":"https:\/\/tvtecjundiai.com.br\/news\/wp-json\/wp\/v2\/media?parent=77765"}],"wp:term":[{"taxonomy":"category","embeddable":true,"href":"https:\/\/tvtecjundiai.com.br\/news\/wp-json\/wp\/v2\/categories?post=77765"},{"taxonomy":"post_tag","embeddable":true,"href":"https:\/\/tvtecjundiai.com.br\/news\/wp-json\/wp\/v2\/tags?post=77765"}],"curies":[{"name":"wp","href":"https:\/\/api.w.org\/{rel}","templated":true}]}}