{"id":77784,"date":"2021-06-18T11:49:08","date_gmt":"2021-06-18T14:49:08","guid":{"rendered":"https:\/\/tvtecjundiai.com.br\/news\/?p=77784"},"modified":"2021-06-18T11:49:15","modified_gmt":"2021-06-18T14:49:15","slug":"instituto-de-previdencia-de-jundiai-realiza-audiencia-publica-na-camara","status":"publish","type":"post","link":"https:\/\/tvtecjundiai.com.br\/news\/2021\/06\/18\/instituto-de-previdencia-de-jundiai-realiza-audiencia-publica-na-camara\/","title":{"rendered":"Instituto de Previd\u00eancia de Jundia\u00ed realiza audi\u00eancia p\u00fablica na C\u00e2mara"},"content":{"rendered":"\n<p>O Instituto de Previd\u00eancia de Jundia\u00ed (Iprejun) promove na pr\u00f3xima segunda-feira (21), \u00e0s 9h, na C\u00e2mara Municipal a audi\u00eancia p\u00fablica anual prevista na prevista na Lei n\u00ba 5.894\/2002 e altera\u00e7\u00f5es. Em virtude da pandemia de COVID-19, a audi\u00eancia ser\u00e1 transmitida ao vivo por meio do Facebook, do YouTube e dos canais oficiais da TV C\u00e2mara Jundia\u00ed (canal 4 da NET, canal 12.2 UHF) e pelo site do Instituto.<\/p>\n\n\n\n<p>T\u00e9cnicos do Iprejun apresentar\u00e3o, perante a Comiss\u00e3o de Sa\u00fade, Assist\u00eancia Social e Previd\u00eancia, o Relat\u00f3rio de Governan\u00e7a Corporativa, os resultados da Pol\u00edtica de Investimentos e da Avalia\u00e7\u00e3o Atuarial do exerc\u00edcio de 2020.<\/p>\n\n\n\n<figure class=\"wp-block-image size-large\"><img loading=\"lazy\" decoding=\"async\" width=\"1200\" height=\"800\" src=\"https:\/\/tvtecjundiai.com.br\/news\/wp-content\/uploads\/sites\/2\/2021\/06\/paco-municipal-jundiai_2-1200x800.jpg\" alt=\"\" class=\"wp-image-77785\" srcset=\"https:\/\/tvtecjundiai.com.br\/news\/wp-content\/uploads\/sites\/2\/2021\/06\/paco-municipal-jundiai_2-1200x800.jpg 1200w, https:\/\/tvtecjundiai.com.br\/news\/wp-content\/uploads\/sites\/2\/2021\/06\/paco-municipal-jundiai_2-300x200.jpg 300w, https:\/\/tvtecjundiai.com.br\/news\/wp-content\/uploads\/sites\/2\/2021\/06\/paco-municipal-jundiai_2-768x512.jpg 768w, https:\/\/tvtecjundiai.com.br\/news\/wp-content\/uploads\/sites\/2\/2021\/06\/paco-municipal-jundiai_2.jpg 1280w\" sizes=\"auto, (max-width: 1200px) 100vw, 1200px\" \/><\/figure>\n\n\n\n<p>O p\u00fablico poder\u00e1 participar enviando d\u00favidas que ser\u00e3o respondidas ao vivo.<\/p>\n\n\n\n<p><em>(Texto\/Imagem: Prefeitura de Jundia\u00ed)<\/em><\/p>\n","protected":false},"excerpt":{"rendered":"<p>A audi\u00eancia ser\u00e1 transmitida ao vivo por meio do Facebook, do YouTube e dos canais oficiais da TV C\u00e2mara Jundia\u00ed <\/p>\n","protected":false},"author":28,"featured_media":77785,"comment_status":"closed","ping_status":"closed","sticky":false,"template":"","format":"standard","meta":{"footnotes":""},"categories":[8356,1],"tags":[],"class_list":["post-77784","post","type-post","status-publish","format-standard","has-post-thumbnail","hentry","category-jundiai","category-noticias"],"_links":{"self":[{"href":"https:\/\/tvtecjundiai.com.br\/news\/wp-json\/wp\/v2\/posts\/77784","targetHints":{"allow":["GET"]}}],"collection":[{"href":"https:\/\/tvtecjundiai.com.br\/news\/wp-json\/wp\/v2\/posts"}],"about":[{"href":"https:\/\/tvtecjundiai.com.br\/news\/wp-json\/wp\/v2\/types\/post"}],"author":[{"embeddable":true,"href":"https:\/\/tvtecjundiai.com.br\/news\/wp-json\/wp\/v2\/users\/28"}],"replies":[{"embeddable":true,"href":"https:\/\/tvtecjundiai.com.br\/news\/wp-json\/wp\/v2\/comments?post=77784"}],"version-history":[{"count":1,"href":"https:\/\/tvtecjundiai.com.br\/news\/wp-json\/wp\/v2\/posts\/77784\/revisions"}],"predecessor-version":[{"id":77786,"href":"https:\/\/tvtecjundiai.com.br\/news\/wp-json\/wp\/v2\/posts\/77784\/revisions\/77786"}],"wp:featuredmedia":[{"embeddable":true,"href":"https:\/\/tvtecjundiai.com.br\/news\/wp-json\/wp\/v2\/media\/77785"}],"wp:attachment":[{"href":"https:\/\/tvtecjundiai.com.br\/news\/wp-json\/wp\/v2\/media?parent=77784"}],"wp:term":[{"taxonomy":"category","embeddable":true,"href":"https:\/\/tvtecjundiai.com.br\/news\/wp-json\/wp\/v2\/categories?post=77784"},{"taxonomy":"post_tag","embeddable":true,"href":"https:\/\/tvtecjundiai.com.br\/news\/wp-json\/wp\/v2\/tags?post=77784"}],"curies":[{"name":"wp","href":"https:\/\/api.w.org\/{rel}","templated":true}]}}