{"id":77787,"date":"2021-06-18T12:14:02","date_gmt":"2021-06-18T15:14:02","guid":{"rendered":"https:\/\/tvtecjundiai.com.br\/news\/?p=77787"},"modified":"2021-06-18T14:45:59","modified_gmt":"2021-06-18T17:45:59","slug":"mundo-das-criancas-fase-de-testes-para-agendamento-de-visitas-comeca-neste-final-de-semana","status":"publish","type":"post","link":"https:\/\/tvtecjundiai.com.br\/news\/2021\/06\/18\/mundo-das-criancas-fase-de-testes-para-agendamento-de-visitas-comeca-neste-final-de-semana\/","title":{"rendered":"Mundo das Crian\u00e7as: fase de testes para agendamento de visitas come\u00e7a neste final de semana"},"content":{"rendered":"\n<p>O sistema de agendamento de visitas ao&nbsp;Mundo das Crian\u00e7as, espa\u00e7o administrado pela DAE Jundia\u00ed, j\u00e1 est\u00e1 \u00e0 disposi\u00e7\u00e3o no site do Mundo. A ado\u00e7\u00e3o do sistema de agendamento \u2013 que neste final de semana come\u00e7a em fase de testes \u2013 atende \u00e0s recomenda\u00e7\u00f5es do Plano S\u00e3o Paulo de controle \u00e0 COVID-19 e visam cumprir os protocolos sanit\u00e1rios e evitar aglomera\u00e7\u00f5es.<\/p>\n\n\n\n<p>O agendamento pode ser feito pelo site do Mundo, sendo poss\u00edvel em dois per\u00edodos: pela manh\u00e3, das 7 \u00e0s 12 horas, ou \u00e0 tarde, das 13 \u00e0s 17 horas.&nbsp;<\/p>\n\n\n\n<p>Cada pessoa pode reservar um total de 4 visitas por CPF, mas se o n\u00famero exceder esse total, basta fornecer um novo CPF e, assim, toda a fam\u00edlia pode participar do passeio.<\/p>\n\n\n\n<p>A entrada e sa\u00edda ser\u00e3o realizadas somente pela portaria do Mundo das Crian\u00e7as, localizada na rodovia Jo\u00e3o Cereser, pista Sul, km 64+400, no bairro Pinheirinho. Para quem vai de \u00f4nibus, a op\u00e7\u00e3o \u00e9 usar a linha 907 (Terminal Vila Arens\/Terminal Hortol\u00e2ndia, via rua Tiradentes).<\/p>\n\n\n\n<p>Cabe lembrar que o uso de m\u00e1scara continua obrigat\u00f3rio durante todo o tempo de perman\u00eancia no local. Recipientes com \u00e1lcool em gel est\u00e3o dispon\u00edveis em diversos pontos do espa\u00e7o.<\/p>\n\n\n\n<figure class=\"wp-block-image size-large\"><img loading=\"lazy\" decoding=\"async\" width=\"1200\" height=\"800\" src=\"https:\/\/tvtecjundiai.com.br\/news\/wp-content\/uploads\/sites\/2\/2021\/06\/casa-da-arvore-mundo-1200x800.jpeg\" alt=\"\" class=\"wp-image-77788\" srcset=\"https:\/\/tvtecjundiai.com.br\/news\/wp-content\/uploads\/sites\/2\/2021\/06\/casa-da-arvore-mundo-1200x800.jpeg 1200w, https:\/\/tvtecjundiai.com.br\/news\/wp-content\/uploads\/sites\/2\/2021\/06\/casa-da-arvore-mundo-300x200.jpeg 300w, https:\/\/tvtecjundiai.com.br\/news\/wp-content\/uploads\/sites\/2\/2021\/06\/casa-da-arvore-mundo-768x512.jpeg 768w, https:\/\/tvtecjundiai.com.br\/news\/wp-content\/uploads\/sites\/2\/2021\/06\/casa-da-arvore-mundo.jpeg 1280w\" sizes=\"auto, (max-width: 1200px) 100vw, 1200px\" \/><\/figure>\n\n\n\n<p><strong>No dia da visita<\/strong><\/p>\n\n\n\n<p>Por conta das restri\u00e7\u00f5es sanit\u00e1rias relacionadas \u00e0 pandemia, os bebedouros e lanchonetes n\u00e3o est\u00e3o funcionando: leve garrafinhas de \u00e1gua e um lanche leve para ser consumido durante o passeio.<\/p>\n\n\n\n<p>Boa parte das \u00e1rvores s\u00e3o rec\u00e9m-plantadas, ainda sem possibilidade de oferecer muita sombra, por isso, d\u00ea prefer\u00eancia \u00e0 roupas leves, cal\u00e7ados confort\u00e1veis e bon\u00e9, al\u00e9m de protetor solar.&nbsp;<\/p>\n\n\n\n<p>As fontes de \u00e1gua s\u00e3o um atrativo especial para a crian\u00e7ada, que pode usar roupas de banho e serem trocadas ap\u00f3s a brincadeira. Para a troca de roupas das crian\u00e7as, sempre utilize um dos banheiros do Mundo \u2013 s\u00e3o quatro espalhados pelo local.&nbsp;<\/p>\n\n\n\n<p>O Mundo das Crian\u00e7as funciona de ter\u00e7a a domingo, das 7 \u00e0s 17 horas, com entrada at\u00e9 \u00e0s 16 horas. \u00c0s segundas-feiras, est\u00e1 fechado.&nbsp;<\/p>\n\n\n\n<p>Mais informa\u00e7\u00f5es podem ser obtidas na administra\u00e7\u00e3o, pelos telefones (11) 4522-0499 e 4589-1494.&nbsp;Para fazer o agendamento pr\u00e9vio de sua visita,&nbsp;<a href=\"https:\/\/mundodascriancasjundiai.com.br\/agendamento\/\">clique neste link.<\/a><\/p>\n\n\n\n<p><em>(Texto\/Imagem: Prefeitura de Jundia\u00ed)<\/em><\/p>\n","protected":false},"excerpt":{"rendered":"<p>O sistema de agendamento de visitas ao Mundo das Crian\u00e7as j\u00e1 est\u00e1 \u00e0 disposi\u00e7\u00e3o no site do Mundo<\/p>\n","protected":false},"author":28,"featured_media":77805,"comment_status":"closed","ping_status":"closed","sticky":false,"template":"","format":"standard","meta":{"footnotes":""},"categories":[8356,1],"tags":[],"class_list":["post-77787","post","type-post","status-publish","format-standard","has-post-thumbnail","hentry","category-jundiai","category-noticias"],"_links":{"self":[{"href":"https:\/\/tvtecjundiai.com.br\/news\/wp-json\/wp\/v2\/posts\/77787","targetHints":{"allow":["GET"]}}],"collection":[{"href":"https:\/\/tvtecjundiai.com.br\/news\/wp-json\/wp\/v2\/posts"}],"about":[{"href":"https:\/\/tvtecjundiai.com.br\/news\/wp-json\/wp\/v2\/types\/post"}],"author":[{"embeddable":true,"href":"https:\/\/tvtecjundiai.com.br\/news\/wp-json\/wp\/v2\/users\/28"}],"replies":[{"embeddable":true,"href":"https:\/\/tvtecjundiai.com.br\/news\/wp-json\/wp\/v2\/comments?post=77787"}],"version-history":[{"count":2,"href":"https:\/\/tvtecjundiai.com.br\/news\/wp-json\/wp\/v2\/posts\/77787\/revisions"}],"predecessor-version":[{"id":77806,"href":"https:\/\/tvtecjundiai.com.br\/news\/wp-json\/wp\/v2\/posts\/77787\/revisions\/77806"}],"wp:featuredmedia":[{"embeddable":true,"href":"https:\/\/tvtecjundiai.com.br\/news\/wp-json\/wp\/v2\/media\/77805"}],"wp:attachment":[{"href":"https:\/\/tvtecjundiai.com.br\/news\/wp-json\/wp\/v2\/media?parent=77787"}],"wp:term":[{"taxonomy":"category","embeddable":true,"href":"https:\/\/tvtecjundiai.com.br\/news\/wp-json\/wp\/v2\/categories?post=77787"},{"taxonomy":"post_tag","embeddable":true,"href":"https:\/\/tvtecjundiai.com.br\/news\/wp-json\/wp\/v2\/tags?post=77787"}],"curies":[{"name":"wp","href":"https:\/\/api.w.org\/{rel}","templated":true}]}}