{"id":77790,"date":"2021-06-18T12:29:11","date_gmt":"2021-06-18T15:29:11","guid":{"rendered":"https:\/\/tvtecjundiai.com.br\/news\/?p=77790"},"modified":"2021-06-18T12:29:14","modified_gmt":"2021-06-18T15:29:14","slug":"covid-19-gestantes-e-puerperas-18-terao-nova-agenda-aberta-nesta-sexta-feira-18","status":"publish","type":"post","link":"https:\/\/tvtecjundiai.com.br\/news\/2021\/06\/18\/covid-19-gestantes-e-puerperas-18-terao-nova-agenda-aberta-nesta-sexta-feira-18\/","title":{"rendered":"COVID-19: Gestantes e Pu\u00e9rperas 18+ ter\u00e3o nova agenda aberta nesta sexta-feira (18)"},"content":{"rendered":"\n<p>As gestantes e as pu\u00e9rperas (at\u00e9 45 dias ap\u00f3s o parto) com 18 anos ou mais ter\u00e3o nova oportunidade para agendamento da primeira dose de vacina contra a COVID-19, nesta sexta-feira (18), \u00e0s 16h, nos canais digitais da Prefeitura de Jundia\u00ed (<a href=\"https:\/\/vacina.jundiai.sp.gov.br\/agendamento\/?rand=527479588148\">site<\/a>&nbsp;e APP Jundia\u00ed). A aplica\u00e7\u00e3o ser\u00e1 realizada neste s\u00e1bado (19), nas Unidades B\u00e1sicas de Sa\u00fade (UBSs) Rami e Jardim Tamoio.<\/p>\n\n\n\n<p>\u201cA vacina\u00e7\u00e3o para esses dois p\u00fablicos \u00e9 essencial para a prote\u00e7\u00e3o das mulheres e seus filhos\u201d, ressalta a enfermeira coordenadora da Vigil\u00e2ncia Epidemiol\u00f3gica (VE) da Unidade de Gest\u00e3o de Promo\u00e7\u00e3o da Sa\u00fade (UGPS) Maria do Carmo Possidente.<\/p>\n\n\n\n<figure class=\"wp-block-image size-large\"><img loading=\"lazy\" decoding=\"async\" width=\"1200\" height=\"801\" src=\"https:\/\/tvtecjundiai.com.br\/news\/wp-content\/uploads\/sites\/2\/2021\/06\/vacinacao_covid_gestantes-1200x801.jpg\" alt=\"\" class=\"wp-image-77791\" srcset=\"https:\/\/tvtecjundiai.com.br\/news\/wp-content\/uploads\/sites\/2\/2021\/06\/vacinacao_covid_gestantes-1200x801.jpg 1200w, https:\/\/tvtecjundiai.com.br\/news\/wp-content\/uploads\/sites\/2\/2021\/06\/vacinacao_covid_gestantes-300x200.jpg 300w, https:\/\/tvtecjundiai.com.br\/news\/wp-content\/uploads\/sites\/2\/2021\/06\/vacinacao_covid_gestantes-768x512.jpg 768w, https:\/\/tvtecjundiai.com.br\/news\/wp-content\/uploads\/sites\/2\/2021\/06\/vacinacao_covid_gestantes.jpg 1280w\" sizes=\"auto, (max-width: 1200px) 100vw, 1200px\" \/><figcaption>Vacina\u00e7\u00e3o contra a COVID-19 em gestantes e pu\u00e9rperas \u00e9 essencial para a prote\u00e7\u00e3o das mulheres<\/figcaption><\/figure>\n\n\n\n<p>A aplica\u00e7\u00e3o ser\u00e1 realizada neste s\u00e1bado (19), nas duas unidades citadas, das 8h30 \u00e0s 11h e das 13h \u00e0s 16h. Essencial que as mulheres fa\u00e7am, al\u00e9m do agendamento, o cadastro dos dados pessoais no site&nbsp;<a href=\"https:\/\/vacinaja.sp.gov.br\/\">VacinaJ\u00e1<\/a>.<\/p>\n\n\n\n<p>Para a aplica\u00e7\u00e3o, devem apresentar os documentos de: comprova\u00e7\u00e3o do estado gestacional (gestantes) ou certid\u00e3o de nascimento da crian\u00e7a (pu\u00e9rperas); CPF, comprovante de endere\u00e7o e documento com foto.<\/p>\n\n\n\n<p><em>(Texto\/Imagem: Prefeitura de Jundia\u00ed)<\/em><\/p>\n","protected":false},"excerpt":{"rendered":"<p>Novo agendamento abre a partir das 16h, nos canais digitais da Prefeitura de Jundia\u00ed (site e APP Jundia\u00ed) <\/p>\n","protected":false},"author":28,"featured_media":77791,"comment_status":"closed","ping_status":"closed","sticky":false,"template":"","format":"standard","meta":{"footnotes":""},"categories":[8356,1],"tags":[],"class_list":["post-77790","post","type-post","status-publish","format-standard","has-post-thumbnail","hentry","category-jundiai","category-noticias"],"_links":{"self":[{"href":"https:\/\/tvtecjundiai.com.br\/news\/wp-json\/wp\/v2\/posts\/77790","targetHints":{"allow":["GET"]}}],"collection":[{"href":"https:\/\/tvtecjundiai.com.br\/news\/wp-json\/wp\/v2\/posts"}],"about":[{"href":"https:\/\/tvtecjundiai.com.br\/news\/wp-json\/wp\/v2\/types\/post"}],"author":[{"embeddable":true,"href":"https:\/\/tvtecjundiai.com.br\/news\/wp-json\/wp\/v2\/users\/28"}],"replies":[{"embeddable":true,"href":"https:\/\/tvtecjundiai.com.br\/news\/wp-json\/wp\/v2\/comments?post=77790"}],"version-history":[{"count":1,"href":"https:\/\/tvtecjundiai.com.br\/news\/wp-json\/wp\/v2\/posts\/77790\/revisions"}],"predecessor-version":[{"id":77792,"href":"https:\/\/tvtecjundiai.com.br\/news\/wp-json\/wp\/v2\/posts\/77790\/revisions\/77792"}],"wp:featuredmedia":[{"embeddable":true,"href":"https:\/\/tvtecjundiai.com.br\/news\/wp-json\/wp\/v2\/media\/77791"}],"wp:attachment":[{"href":"https:\/\/tvtecjundiai.com.br\/news\/wp-json\/wp\/v2\/media?parent=77790"}],"wp:term":[{"taxonomy":"category","embeddable":true,"href":"https:\/\/tvtecjundiai.com.br\/news\/wp-json\/wp\/v2\/categories?post=77790"},{"taxonomy":"post_tag","embeddable":true,"href":"https:\/\/tvtecjundiai.com.br\/news\/wp-json\/wp\/v2\/tags?post=77790"}],"curies":[{"name":"wp","href":"https:\/\/api.w.org\/{rel}","templated":true}]}}