{"id":77801,"date":"2021-06-18T14:44:56","date_gmt":"2021-06-18T17:44:56","guid":{"rendered":"https:\/\/tvtecjundiai.com.br\/news\/?p=77801"},"modified":"2021-06-18T14:45:03","modified_gmt":"2021-06-18T17:45:03","slug":"dae-solidaria-arrecada-doacoes-para-o-fundo-social-de-solidariedade-de-jundiai","status":"publish","type":"post","link":"https:\/\/tvtecjundiai.com.br\/news\/2021\/06\/18\/dae-solidaria-arrecada-doacoes-para-o-fundo-social-de-solidariedade-de-jundiai\/","title":{"rendered":"DAE Solid\u00e1ria arrecada doa\u00e7\u00f5es para o Fundo Social de Solidariedade de Jundia\u00ed"},"content":{"rendered":"\n<p>Com o objetivo de contribuir com o trabalho realizado pelo Fundo Social de Solidariedade de Jundia\u00ed (Funss), junto \u00e0s pessoas em situa\u00e7\u00e3o de vulnerabilidade, a DAE Jundia\u00ed mobilizou funcion\u00e1rios e colaboradores em arrecada\u00e7\u00e3o de alimentos n\u00e3o perec\u00edveis, fraldas, produtos de higiene pessoal e limpeza, bem como de roupas, cal\u00e7ados e acess\u00f3rios.<\/p>\n\n\n\n<p>\u201cO esp\u00edrito solid\u00e1rio sempre est\u00e1 presente na DAE. Pensamos em contribuir com aqueles que est\u00e3o passando por momentos dif\u00edceis por conta da pandemia. Mais uma vez, todos se uniram, superando a meta que prev\u00edamos\u201d, afirma a assistente social Karin Bezutti.<\/p>\n\n\n\n<figure class=\"wp-block-image size-large\"><img loading=\"lazy\" decoding=\"async\" width=\"1200\" height=\"800\" src=\"https:\/\/tvtecjundiai.com.br\/news\/wp-content\/uploads\/sites\/2\/2021\/06\/dae-solidaria-3-1200x800.jpg\" alt=\"\" class=\"wp-image-77802\" srcset=\"https:\/\/tvtecjundiai.com.br\/news\/wp-content\/uploads\/sites\/2\/2021\/06\/dae-solidaria-3-1200x800.jpg 1200w, https:\/\/tvtecjundiai.com.br\/news\/wp-content\/uploads\/sites\/2\/2021\/06\/dae-solidaria-3-300x200.jpg 300w, https:\/\/tvtecjundiai.com.br\/news\/wp-content\/uploads\/sites\/2\/2021\/06\/dae-solidaria-3-768x512.jpg 768w, https:\/\/tvtecjundiai.com.br\/news\/wp-content\/uploads\/sites\/2\/2021\/06\/dae-solidaria-3.jpg 1280w\" sizes=\"auto, (max-width: 1200px) 100vw, 1200px\" \/><figcaption>Grupo representou os funcion\u00e1rios participantes da a\u00e7\u00e3o interna<\/figcaption><\/figure>\n\n\n\n<p>Para incentivar a generosidade nos profissionais e engajar a participa\u00e7\u00e3o durante a campanha \u2018DAE Solid\u00e1ria\u2019, foram distribu\u00eddas caixas para doa\u00e7\u00e3o nas depend\u00eancias da empresa. O resultado n\u00e3o poderia ser melhor: mais de 3.500 itens direcionados ao Funss. \u201cSomos uma empresa reconhecida pela qualidade dos servi\u00e7os que prestamos e ficamos orgulhosos por poder contribuir com a cidade, mais uma vez. A campanha teve ades\u00e3o dos servidores, que se empenharam para ajudar. Esperamos que as doa\u00e7\u00f5es fa\u00e7am a diferen\u00e7a na vida das pessoas que as receberem\u201d, acredita o diretor superintendente de Engenharia da DAE, Valter Maia. Tamb\u00e9m estiveram presentes Wilson Bernardo, chefe da Se\u00e7\u00e3o de Adutora de \u00c1gua, M\u00facio Diniz, membro do Sindae, Martim Ribeiro, diretor de Mananciais, e Roberta Borges, assessora de Comunica\u00e7\u00e3o.<\/p>\n\n\n\n<p>De acordo com a presidente do Fundo Social, Vanessa Machado, as doa\u00e7\u00f5es chegam em boa hora. \u201cAp\u00f3s a triagem, os alimentos n\u00e3o perec\u00edveis, as fraldas e os produtos de higiene pessoal e limpeza ser\u00e3o direcionados para os atendimentos da Campanha Permanente de Solidariedade. J\u00e1 as roupas, cal\u00e7ados e acess\u00f3rios refor\u00e7ar\u00e3o a Campanha de Inverno de Jundia\u00ed\u201d, explicou a primeira-dama, acompanhada da diretora do Fundo Social, Francine Picardi.<\/p>\n\n\n\n<figure class=\"wp-block-image size-large\"><img loading=\"lazy\" decoding=\"async\" width=\"1200\" height=\"883\" src=\"https:\/\/tvtecjundiai.com.br\/news\/wp-content\/uploads\/sites\/2\/2021\/06\/dae-solidaria-4-1200x883.jpg\" alt=\"\" class=\"wp-image-77803\" srcset=\"https:\/\/tvtecjundiai.com.br\/news\/wp-content\/uploads\/sites\/2\/2021\/06\/dae-solidaria-4-1200x883.jpg 1200w, https:\/\/tvtecjundiai.com.br\/news\/wp-content\/uploads\/sites\/2\/2021\/06\/dae-solidaria-4-300x221.jpg 300w, https:\/\/tvtecjundiai.com.br\/news\/wp-content\/uploads\/sites\/2\/2021\/06\/dae-solidaria-4-768x565.jpg 768w, https:\/\/tvtecjundiai.com.br\/news\/wp-content\/uploads\/sites\/2\/2021\/06\/dae-solidaria-4.jpg 1280w\" sizes=\"auto, (max-width: 1200px) 100vw, 1200px\" \/><figcaption>Vanessa: doa\u00e7\u00f5es refor\u00e7ar\u00e3o o trabalho desenvolvido pelo Fundo Social<\/figcaption><\/figure>\n\n\n\n<p>Por meio das doa\u00e7\u00f5es, s\u00e3o beneficiadas institui\u00e7\u00f5es, igrejas e associa\u00e7\u00f5es de moradores de bairro cadastradas no Funss. Al\u00e9m disso, o Fundo Social d\u00e1 suporte ao trabalho realizado pela Unidade de Gest\u00e3o de Assist\u00eancia e Desenvolvimento Social (UGADS), da Prefeitura de Jundia\u00ed, no atendimento direto \u00e0s fam\u00edlias em vulnerabilidade por meio do Centros de Refer\u00eancia de Assist\u00eancia Social (CRAS).<\/p>\n\n\n\n<p><strong>Como ajudar?<\/strong><\/p>\n\n\n\n<p>Atualmente, o Fundo Social de Solidariedade desenvolve tr\u00eas campanhas, simultaneamente: Campanha Permanente, Campanha de Inverno e Vacina\u00e7\u00e3o Solid\u00e1ria. A&nbsp;<strong>Campanha Permanente&nbsp;<\/strong>arrecada alimentos n\u00e3o perec\u00edveis dentro do prazo de validade; fraldas infantis e geri\u00e1tricas; leite longa vida ou em p\u00f3; absorventes higi\u00eanicos descart\u00e1veis; \u00e1gua mineral; roupas, cal\u00e7ados e toalhas de banho; produtos de limpeza e de higiene pessoal; ra\u00e7\u00e3o para animais; e saco de lixo. Os itens devem ser entregues, diretamente, na sede da unidade.<\/p>\n\n\n\n<p>O mesmo vale para a&nbsp;<strong>Campanha de Inverno<\/strong>, que tem como foco arrecadar pe\u00e7as de vestu\u00e1rio, cal\u00e7ados e cobertores e outras pe\u00e7as capazes de aquecer os dias frios. Al\u00e9m disso, a Campanha de Inverno conta com postos de arrecada\u00e7\u00e3o em diversos pontos da cidade. Os endere\u00e7os est\u00e3o dispon\u00edveis no site:&nbsp;<a href=\"https:\/\/jundiai.sp.gov.br\/campanhadeinvernojundiai\/\">https:\/\/jundiai.sp.gov.br\/campanhadeinvernojundiai\/<\/a><\/p>\n\n\n\n<p>J\u00e1 a&nbsp;<strong>Vacina\u00e7\u00e3o Solid\u00e1ria&nbsp;<\/strong>segue em andamento nos pontos de imuniza\u00e7\u00e3o contra a COVID-19. Tamb\u00e9m \u00e9 poss\u00edvel colaborar com esta iniciativa durante a aplica\u00e7\u00e3o do imunizante contra a Influenza, gripe, em agendamentos do sistema&nbsp;<em>\u00addrive-thru<\/em>, no Parque da Uva. Em todos os locais, a popula\u00e7\u00e3o poder\u00e1 colaborar com a doa\u00e7\u00e3o de alimentos n\u00e3o perec\u00edveis.<\/p>\n\n\n\n<p>O Fundo Social fica dentro do Parque da Uva. O acesso \u00e9 pela avenida Dona Manoela Lacerda de Vergueiro, s\/n, port\u00e3o 03, bairro Anhangaba\u00fa. O funcionamento da unidade \u00e9 de segunda a sexta-feira, das 8h \u00e0s 17h, exceto feriados. Informa\u00e7\u00f5es: (11) 4521-2762, 4521-2929 e 4521-6833.<\/p>\n\n\n\n<p><em>(Texto\/Imagem: Prefeitura de Jundia\u00ed)<\/em><\/p>\n","protected":false},"excerpt":{"rendered":"<p>A empresa arrecadou alimentos n\u00e3o perec\u00edveis, fraldas, produtos de higiene pessoal e limpeza<\/p>\n","protected":false},"author":28,"featured_media":77802,"comment_status":"closed","ping_status":"closed","sticky":false,"template":"","format":"standard","meta":{"footnotes":""},"categories":[8356,1],"tags":[],"class_list":["post-77801","post","type-post","status-publish","format-standard","has-post-thumbnail","hentry","category-jundiai","category-noticias"],"_links":{"self":[{"href":"https:\/\/tvtecjundiai.com.br\/news\/wp-json\/wp\/v2\/posts\/77801","targetHints":{"allow":["GET"]}}],"collection":[{"href":"https:\/\/tvtecjundiai.com.br\/news\/wp-json\/wp\/v2\/posts"}],"about":[{"href":"https:\/\/tvtecjundiai.com.br\/news\/wp-json\/wp\/v2\/types\/post"}],"author":[{"embeddable":true,"href":"https:\/\/tvtecjundiai.com.br\/news\/wp-json\/wp\/v2\/users\/28"}],"replies":[{"embeddable":true,"href":"https:\/\/tvtecjundiai.com.br\/news\/wp-json\/wp\/v2\/comments?post=77801"}],"version-history":[{"count":1,"href":"https:\/\/tvtecjundiai.com.br\/news\/wp-json\/wp\/v2\/posts\/77801\/revisions"}],"predecessor-version":[{"id":77804,"href":"https:\/\/tvtecjundiai.com.br\/news\/wp-json\/wp\/v2\/posts\/77801\/revisions\/77804"}],"wp:featuredmedia":[{"embeddable":true,"href":"https:\/\/tvtecjundiai.com.br\/news\/wp-json\/wp\/v2\/media\/77802"}],"wp:attachment":[{"href":"https:\/\/tvtecjundiai.com.br\/news\/wp-json\/wp\/v2\/media?parent=77801"}],"wp:term":[{"taxonomy":"category","embeddable":true,"href":"https:\/\/tvtecjundiai.com.br\/news\/wp-json\/wp\/v2\/categories?post=77801"},{"taxonomy":"post_tag","embeddable":true,"href":"https:\/\/tvtecjundiai.com.br\/news\/wp-json\/wp\/v2\/tags?post=77801"}],"curies":[{"name":"wp","href":"https:\/\/api.w.org\/{rel}","templated":true}]}}