{"id":77810,"date":"2021-06-18T16:49:35","date_gmt":"2021-06-18T19:49:35","guid":{"rendered":"https:\/\/tvtecjundiai.com.br\/news\/?p=77810"},"modified":"2021-06-18T16:57:21","modified_gmt":"2021-06-18T19:57:21","slug":"jundiai-ultrapassa-as-200-mil-doses-de-vacina-aplicadas-contra-a-covid-19","status":"publish","type":"post","link":"https:\/\/tvtecjundiai.com.br\/news\/2021\/06\/18\/jundiai-ultrapassa-as-200-mil-doses-de-vacina-aplicadas-contra-a-covid-19\/","title":{"rendered":"Jundia\u00ed registra 11 \u00f3bitos pela COVID-19 nesta sexta-feira (18)"},"content":{"rendered":"\n<p>A Prefeitura de Jundia\u00ed informa que, nesta sexta-feira (18), onze \u00f3bitos foram contabilizados de residentes na cidade causados pelo Novo Coronav\u00edrus.<\/p>\n\n\n\n<p>Mulher, 60 anos, obesa, portadora de doen\u00e7a cardiovascular cr\u00f4nica e diabetes. Internou 09\/06 e faleceu 13\/06 no hospital S\u00e3o Vicente.<\/p>\n\n\n\n<p>Mulher, 42 anos, obesa. Internou 09\/06 e faleceu 13\/06 no hospital S\u00e3o Vicente.<\/p>\n\n\n\n<p>Mulher, 55 anos, portadora de doen\u00e7a cardiovascular cr\u00f4nica e diabetes. Internou 15\/06 e faleceu 17\/06 no hospital S\u00e3o Vicente.<\/p>\n\n\n\n<p>Homem, 76 anos, tabagista, portador de doen\u00e7a cardiovascular cr\u00f4nica e asma. Internou 08\/06 e faleceu 18\/06 no hospital S\u00e3o Vicente.<\/p>\n\n\n\n<p>Homem, 86 anos, portador de doen\u00e7a cardiovascular cr\u00f4nica e diabetes. Internou 16\/06 e faleceu 18\/06 no hospital S\u00e3o Vicente.<\/p>\n\n\n\n<p>Homem, 41 anos, obeso, portador de doen\u00e7a cardiovascular cr\u00f4nica e asma. Internou 09\/06 e faleceu 17\/06 no hospital S\u00e3o Vicente.<\/p>\n\n\n\n<p>Homem, 66 anos, portador de doen\u00e7a cardiovascular cr\u00f4nica e diabetes. Internou 07\/06 e faleceu 17\/06 no hospital S\u00e3o Vicente.<\/p>\n\n\n\n<p>Homem, 66 anos, portador de doen\u00e7a cardiovascular cr\u00f4nica. Internou 03\/06 e faleceu 18\/06 no hospital S\u00e3o Vicente.<\/p>\n\n\n\n<p>Mulher, 54 anos, obesa, portadora de doen\u00e7a cardiovascular cr\u00f4nica e diabetes. Internou 09\/06 e faleceu 13\/06 no hospital S\u00e3o Vicente.<\/p>\n\n\n\n<p>Homem, 67 anos, diab\u00e9tico, portador de doen\u00e7a cardiovascular e nefropatia cr\u00f4nicas. Internou 12\/06 e faleceu 17\/06 no hospital S\u00e3o Vicente.<\/p>\n\n\n\n<p>Mulher, 43 anos, sem comorbidades registradas. Internou 24\/05 e faleceu 17\/06 em hospital privado da cidade<\/p>\n\n\n\n<p>At\u00e9 o momento, a cidade registra 1313 \u00f3bitos causados pela COVID-19 desde o in\u00edcio da pandemia.<\/p>\n\n\n\n<figure class=\"wp-block-image size-large\"><img loading=\"lazy\" decoding=\"async\" width=\"960\" height=\"960\" src=\"https:\/\/tvtecjundiai.com.br\/news\/wp-content\/uploads\/sites\/2\/2021\/06\/slide1-14-960x960.png\" alt=\"\" class=\"wp-image-77811\" srcset=\"https:\/\/tvtecjundiai.com.br\/news\/wp-content\/uploads\/sites\/2\/2021\/06\/slide1-14-960x960.png 960w, https:\/\/tvtecjundiai.com.br\/news\/wp-content\/uploads\/sites\/2\/2021\/06\/slide1-14-300x300.png 300w, https:\/\/tvtecjundiai.com.br\/news\/wp-content\/uploads\/sites\/2\/2021\/06\/slide1-14-100x100.png 100w, https:\/\/tvtecjundiai.com.br\/news\/wp-content\/uploads\/sites\/2\/2021\/06\/slide1-14-768x768.png 768w, https:\/\/tvtecjundiai.com.br\/news\/wp-content\/uploads\/sites\/2\/2021\/06\/slide1-14.png 1280w\" sizes=\"auto, (max-width: 960px) 100vw, 960px\" \/><\/figure>\n\n\n\n<figure class=\"wp-block-image size-large\"><img loading=\"lazy\" decoding=\"async\" width=\"960\" height=\"960\" src=\"https:\/\/tvtecjundiai.com.br\/news\/wp-content\/uploads\/sites\/2\/2021\/06\/slide2-12-960x960.png\" alt=\"\" class=\"wp-image-77812\" srcset=\"https:\/\/tvtecjundiai.com.br\/news\/wp-content\/uploads\/sites\/2\/2021\/06\/slide2-12-960x960.png 960w, https:\/\/tvtecjundiai.com.br\/news\/wp-content\/uploads\/sites\/2\/2021\/06\/slide2-12-300x300.png 300w, https:\/\/tvtecjundiai.com.br\/news\/wp-content\/uploads\/sites\/2\/2021\/06\/slide2-12-100x100.png 100w, https:\/\/tvtecjundiai.com.br\/news\/wp-content\/uploads\/sites\/2\/2021\/06\/slide2-12-768x768.png 768w, https:\/\/tvtecjundiai.com.br\/news\/wp-content\/uploads\/sites\/2\/2021\/06\/slide2-12.png 1280w\" sizes=\"auto, (max-width: 960px) 100vw, 960px\" \/><\/figure>\n\n\n\n<p><em>(Texto\/Imagem: Prefeitura de Jundia\u00ed)<\/em><\/p>\n","protected":false},"excerpt":{"rendered":"<p>Tamb\u00e9m foram registrados 11 \u00f3bitos pelo Novo Coronav\u00edrus na cidade nesta sexta-feira (18)<\/p>\n","protected":false},"author":28,"featured_media":68605,"comment_status":"closed","ping_status":"closed","sticky":false,"template":"","format":"standard","meta":{"footnotes":""},"categories":[8356,1],"tags":[],"class_list":["post-77810","post","type-post","status-publish","format-standard","has-post-thumbnail","hentry","category-jundiai","category-noticias"],"_links":{"self":[{"href":"https:\/\/tvtecjundiai.com.br\/news\/wp-json\/wp\/v2\/posts\/77810","targetHints":{"allow":["GET"]}}],"collection":[{"href":"https:\/\/tvtecjundiai.com.br\/news\/wp-json\/wp\/v2\/posts"}],"about":[{"href":"https:\/\/tvtecjundiai.com.br\/news\/wp-json\/wp\/v2\/types\/post"}],"author":[{"embeddable":true,"href":"https:\/\/tvtecjundiai.com.br\/news\/wp-json\/wp\/v2\/users\/28"}],"replies":[{"embeddable":true,"href":"https:\/\/tvtecjundiai.com.br\/news\/wp-json\/wp\/v2\/comments?post=77810"}],"version-history":[{"count":3,"href":"https:\/\/tvtecjundiai.com.br\/news\/wp-json\/wp\/v2\/posts\/77810\/revisions"}],"predecessor-version":[{"id":77815,"href":"https:\/\/tvtecjundiai.com.br\/news\/wp-json\/wp\/v2\/posts\/77810\/revisions\/77815"}],"wp:featuredmedia":[{"embeddable":true,"href":"https:\/\/tvtecjundiai.com.br\/news\/wp-json\/wp\/v2\/media\/68605"}],"wp:attachment":[{"href":"https:\/\/tvtecjundiai.com.br\/news\/wp-json\/wp\/v2\/media?parent=77810"}],"wp:term":[{"taxonomy":"category","embeddable":true,"href":"https:\/\/tvtecjundiai.com.br\/news\/wp-json\/wp\/v2\/categories?post=77810"},{"taxonomy":"post_tag","embeddable":true,"href":"https:\/\/tvtecjundiai.com.br\/news\/wp-json\/wp\/v2\/tags?post=77810"}],"curies":[{"name":"wp","href":"https:\/\/api.w.org\/{rel}","templated":true}]}}