{"id":77819,"date":"2021-06-18T17:49:37","date_gmt":"2021-06-18T20:49:37","guid":{"rendered":"https:\/\/tvtecjundiai.com.br\/news\/?p=77819"},"modified":"2021-06-18T17:49:37","modified_gmt":"2021-06-18T20:49:37","slug":"alunos-das-escolas-padre-anchieta-recebem-palestra-sobre-prevencao-contra-a-covid-19","status":"publish","type":"post","link":"https:\/\/tvtecjundiai.com.br\/news\/2021\/06\/18\/alunos-das-escolas-padre-anchieta-recebem-palestra-sobre-prevencao-contra-a-covid-19\/","title":{"rendered":"Alunos das Escolas Padre Anchieta recebem palestra sobre preven\u00e7\u00e3o contra a COVID-19"},"content":{"rendered":"\n<p>Esta sexta-feira, dia 18, foi especial para os alunos do 1\u00ba ano da Escola Padre Anchieta. Com direito a atividades l\u00fadicas, perguntas e respostas e muita interatividade, a coordenadora de psicologia do Hospital de Caridade S\u00e3o Vicente de Paulo (HSV), Caroline Alves, esteve na escola para abordar com as crian\u00e7as a preven\u00e7\u00e3o e os cuidados com rela\u00e7\u00e3o \u00e0 COVID-19. Essa foi a primeira vez que o HSV levou um profissional de sua equipe para abordar o tema pandemia com alunos em uma escola.<\/p>\n\n\n\n<p>A experi\u00eancia foi positiva. \u201cAs crian\u00e7as adoraram, estavam ansiosas em poder fazer perguntas, entregar bilhetes e desenhos em homenagem aos profissionais de sa\u00fade. Certeza que essa experi\u00eancia ficar\u00e1 pra sempre na mem\u00f3ria deles\u201d, disse a coordenadora da escola Josilene Godoy dos Santos. Para que os pequenos compreendessem a import\u00e2ncia dos cuidados no combate \u00e0 COVID-19, a psic\u00f3loga do HSV, usou glitter, \u00e1lcool gel, ensinou sobre o jeito certo de lavar as m\u00e3os e fez simula\u00e7\u00f5es. Tudo foi pensado para a faixa et\u00e1ria destes alunos, que t\u00eam entre seis e sete anos.<\/p>\n\n\n\n<div class=\"wp-block-image\"><figure class=\"aligncenter size-large\"><img loading=\"lazy\" decoding=\"async\" width=\"1019\" height=\"812\" src=\"https:\/\/tvtecjundiai.com.br\/news\/wp-content\/uploads\/sites\/2\/2021\/06\/WhatsApp-Image-2021-06-18-at-17.45.07.jpeg\" alt=\"\" class=\"wp-image-77822\" srcset=\"https:\/\/tvtecjundiai.com.br\/news\/wp-content\/uploads\/sites\/2\/2021\/06\/WhatsApp-Image-2021-06-18-at-17.45.07.jpeg 1019w, https:\/\/tvtecjundiai.com.br\/news\/wp-content\/uploads\/sites\/2\/2021\/06\/WhatsApp-Image-2021-06-18-at-17.45.07-300x239.jpeg 300w, https:\/\/tvtecjundiai.com.br\/news\/wp-content\/uploads\/sites\/2\/2021\/06\/WhatsApp-Image-2021-06-18-at-17.45.07-768x612.jpeg 768w\" sizes=\"auto, (max-width: 1019px) 100vw, 1019px\" \/><figcaption>Iniciativa aconteceu depois dos alunos prepararem cartas e mensagens aos profissionais do HSV<\/figcaption><\/figure><\/div>\n\n\n\n<p>A iniciativa surgiu a partir de uma homenagem que os alunos fizeram aos profissionais da linha de frente. \u201cDurante as aulas de Geografia os alunos estavam estudando sobre os lugares p\u00fablicos da cidade. E o que mais chamou a aten\u00e7\u00e3o dos pequenos, foi quando abordamos assuntos referentes aos hospitais\u201d, explica a professora do grupo, Cibele Pinheiro de Marchi. \u201cFicaram encantados em saber que o Hospital S\u00e3o Vicente tem sido um grande colaborador no combate \u00e0 pandemia. Assim tiveram a ideia de enviar cart\u00f5es de agradecimento a todos os profissionais que t\u00eam doado sua vida em favor do outro\u201d, diz.<\/p>\n\n\n\n<p>Em meio a pandemia, surgiu o impasse de como iria ocorrer a entrega destes cart\u00f5es. A princ\u00edpio seria simb\u00f3lica, a professora Cibele iria at\u00e9 o HSV entregar. Foi a\u00ed que a equipe de comunica\u00e7\u00e3o do HSV prop\u00f4s a invers\u00e3o da a\u00e7\u00e3o: um profissional do HSV iria at\u00e9 a escola agradecer aos alunos em nome de todos os colaboradores, receber os cart\u00f5es e orientar os pequenos sobre preven\u00e7\u00e3o. E assim nasceu a iniciativa.<\/p>\n\n\n\n<p>Os cart\u00f5es com desenhos e mensagens de apoio foram colocadas em uma pequena \u00e1rvore, que agora fica em exposi\u00e7\u00e3o no HSV. \u201cN\u00e3o podemos dar um abra\u00e7o, um aperto de m\u00e3o ou fazer uma visita presencial, mas podemos doar palavras e desenhos, demonstrando nosso carinho, respeito e admira\u00e7\u00e3o\u201d, diz o cart\u00e3o elaborado em conjunto pelos alunos.<\/p>\n\n\n\n<figure class=\"wp-block-image size-large\"><img loading=\"lazy\" decoding=\"async\" width=\"1176\" height=\"882\" src=\"https:\/\/tvtecjundiai.com.br\/news\/wp-content\/uploads\/sites\/2\/2021\/06\/WhatsApp-Image-2021-06-18-at-17.45.07-1.jpeg\" alt=\"\" class=\"wp-image-77823\" srcset=\"https:\/\/tvtecjundiai.com.br\/news\/wp-content\/uploads\/sites\/2\/2021\/06\/WhatsApp-Image-2021-06-18-at-17.45.07-1.jpeg 1176w, https:\/\/tvtecjundiai.com.br\/news\/wp-content\/uploads\/sites\/2\/2021\/06\/WhatsApp-Image-2021-06-18-at-17.45.07-1-300x225.jpeg 300w, https:\/\/tvtecjundiai.com.br\/news\/wp-content\/uploads\/sites\/2\/2021\/06\/WhatsApp-Image-2021-06-18-at-17.45.07-1-768x576.jpeg 768w\" sizes=\"auto, (max-width: 1176px) 100vw, 1176px\" \/><figcaption>Alunos do primeiro ano das Escolas Padre Anchieta receberam orienta\u00e7\u00f5es sobre como prevenir a COVID-19<\/figcaption><\/figure>\n\n\n\n<p>Respeitando todos os protocolos de preven\u00e7\u00e3o, como uso de m\u00e1scaras de prote\u00e7\u00e3o, distanciamento e quantidade limitada de participantes, cerca de 30 alunos participaram da atividade de forma presencial e on-line. A diretora da escola Regiane Ferreira Sampaio Pratta e demais professoras elogiaram a iniciativa. Na ocasi\u00e3o, a equipe do HSV levou imagens que retratam a rotina hospitalar, como paramenta\u00e7\u00e3o dos profissionais, doa\u00e7\u00f5es recebidas, higieniza\u00e7\u00e3o das unidades do SAMU, a\u00e7\u00f5es de humaniza\u00e7\u00e3o e voluntariado, dentre outras. As fotos ser\u00e3o usadas para montar uma exposi\u00e7\u00e3o na escola e multiplicar o trabalho do HSV entre os demais alunos.<\/p>\n\n\n\n<p><em>(Texto: Assessoria de Imprensa)<\/em><\/p>\n","protected":false},"excerpt":{"rendered":"<p>Palestra foi realizada pela coordenadora de psicologia do Hospital S\u00e3o Vicente<\/p>\n","protected":false},"author":28,"featured_media":77823,"comment_status":"closed","ping_status":"closed","sticky":false,"template":"","format":"standard","meta":{"footnotes":""},"categories":[1],"tags":[],"class_list":["post-77819","post","type-post","status-publish","format-standard","has-post-thumbnail","hentry","category-noticias"],"_links":{"self":[{"href":"https:\/\/tvtecjundiai.com.br\/news\/wp-json\/wp\/v2\/posts\/77819","targetHints":{"allow":["GET"]}}],"collection":[{"href":"https:\/\/tvtecjundiai.com.br\/news\/wp-json\/wp\/v2\/posts"}],"about":[{"href":"https:\/\/tvtecjundiai.com.br\/news\/wp-json\/wp\/v2\/types\/post"}],"author":[{"embeddable":true,"href":"https:\/\/tvtecjundiai.com.br\/news\/wp-json\/wp\/v2\/users\/28"}],"replies":[{"embeddable":true,"href":"https:\/\/tvtecjundiai.com.br\/news\/wp-json\/wp\/v2\/comments?post=77819"}],"version-history":[{"count":2,"href":"https:\/\/tvtecjundiai.com.br\/news\/wp-json\/wp\/v2\/posts\/77819\/revisions"}],"predecessor-version":[{"id":77824,"href":"https:\/\/tvtecjundiai.com.br\/news\/wp-json\/wp\/v2\/posts\/77819\/revisions\/77824"}],"wp:featuredmedia":[{"embeddable":true,"href":"https:\/\/tvtecjundiai.com.br\/news\/wp-json\/wp\/v2\/media\/77823"}],"wp:attachment":[{"href":"https:\/\/tvtecjundiai.com.br\/news\/wp-json\/wp\/v2\/media?parent=77819"}],"wp:term":[{"taxonomy":"category","embeddable":true,"href":"https:\/\/tvtecjundiai.com.br\/news\/wp-json\/wp\/v2\/categories?post=77819"},{"taxonomy":"post_tag","embeddable":true,"href":"https:\/\/tvtecjundiai.com.br\/news\/wp-json\/wp\/v2\/tags?post=77819"}],"curies":[{"name":"wp","href":"https:\/\/api.w.org\/{rel}","templated":true}]}}