{"id":77833,"date":"2021-06-19T11:02:04","date_gmt":"2021-06-19T14:02:04","guid":{"rendered":"https:\/\/tvtecjundiai.com.br\/news\/?p=77833"},"modified":"2021-06-19T11:02:04","modified_gmt":"2021-06-19T14:02:04","slug":"brasil-se-aproxima-das-500-mil-mortes-por-covid-19-e-numero-de-novos-casos-bate-recorde","status":"publish","type":"post","link":"https:\/\/tvtecjundiai.com.br\/news\/2021\/06\/19\/brasil-se-aproxima-das-500-mil-mortes-por-covid-19-e-numero-de-novos-casos-bate-recorde\/","title":{"rendered":"Brasil se aproxima das 500 mil mortes por Covid-19 e n\u00famero de novos casos bate recorde"},"content":{"rendered":"\n<p>O Brasil se aproxima da triste marca de\u00a0500 mil mortes\u00a0por Covid-19. O pa\u00eds registrou\u00a02.449 mortes por Covid-19 nas \u00faltimas 24 horas, totalizando nesta sexta-feira (18)\u00a0498.621 \u00f3bitos desde o in\u00edcio da pandemia. Com isso, a m\u00e9dia m\u00f3vel de mortes nos \u00faltimos 7 dias chegou a\u00a02.039\u00a0&#8211;voltando a bater a marca de 2 mil pelo terceiro dia seguido. Em compara\u00e7\u00e3o \u00e0 m\u00e9dia de 14 dias atr\u00e1s,\u00a0a varia\u00e7\u00e3o foi de\u00a0+24%\u00a0e indica tend\u00eancia de\u00a0alta nos \u00f3bitos\u00a0decorrentes do v\u00edrus.<\/p>\n\n\n\n<div class=\"wp-block-image\"><figure class=\"alignright size-medium is-resized\"><a href=\"https:\/\/tvtecjundiai.com.br\/news\/wp-content\/uploads\/sites\/2\/2021\/06\/fta20200620082.jpg\"><img loading=\"lazy\" decoding=\"async\" src=\"https:\/\/tvtecjundiai.com.br\/news\/wp-content\/uploads\/sites\/2\/2021\/06\/fta20200620082-300x200.jpg\" alt=\"\" class=\"wp-image-77834\" width=\"492\" height=\"328\" srcset=\"https:\/\/tvtecjundiai.com.br\/news\/wp-content\/uploads\/sites\/2\/2021\/06\/fta20200620082-300x200.jpg 300w, https:\/\/tvtecjundiai.com.br\/news\/wp-content\/uploads\/sites\/2\/2021\/06\/fta20200620082-768x512.jpg 768w, https:\/\/tvtecjundiai.com.br\/news\/wp-content\/uploads\/sites\/2\/2021\/06\/fta20200620082.jpg 1008w\" sizes=\"auto, (max-width: 492px) 100vw, 492px\" \/><\/a><figcaption>M\u00e9dia m\u00f3vel de mortes ficou acima de 2 mil pelo 3\u00ba dia seguido<\/figcaption><\/figure><\/div>\n\n\n\n<p>\u00c9 segundo dia consecutivo em mais de dois meses vez que essa an\u00e1lise indica alta nas mortes.\u00a0De 12 de abril at\u00e9 quarta-feira (16), a curva apontou estabilidade ou queda. Houve 98.135 novos casos, a maior marca desde o in\u00edcio da pandemia. A marca anterior havia sido em 25 de mar\u00e7o, 97.586.<\/p>\n\n\n\n<p>Os n\u00fameros est\u00e3o no novo levantamento do cons\u00f3rcio de ve\u00edculos de imprensa sobre a situa\u00e7\u00e3o da pandemia de coronav\u00edrus no Brasil, consolidados \u00e0s 20h desta sexta. O balan\u00e7o \u00e9 feito a partir de dados das secretarias estaduais de Sa\u00fade.<\/p>\n\n\n\n<p><em>(Fonte\/Imagem: G1)<\/em><\/p>\n","protected":false},"excerpt":{"rendered":"<p>M\u00e9dia m\u00f3vel de mortes ficou acima de 2 mil pelo 3\u00ba dia seguido<\/p>\n","protected":false},"author":17,"featured_media":77834,"comment_status":"closed","ping_status":"closed","sticky":false,"template":"","format":"standard","meta":{"footnotes":""},"categories":[2834,8356,1],"tags":[],"class_list":["post-77833","post","type-post","status-publish","format-standard","has-post-thumbnail","hentry","category-cidades","category-jundiai","category-noticias"],"_links":{"self":[{"href":"https:\/\/tvtecjundiai.com.br\/news\/wp-json\/wp\/v2\/posts\/77833","targetHints":{"allow":["GET"]}}],"collection":[{"href":"https:\/\/tvtecjundiai.com.br\/news\/wp-json\/wp\/v2\/posts"}],"about":[{"href":"https:\/\/tvtecjundiai.com.br\/news\/wp-json\/wp\/v2\/types\/post"}],"author":[{"embeddable":true,"href":"https:\/\/tvtecjundiai.com.br\/news\/wp-json\/wp\/v2\/users\/17"}],"replies":[{"embeddable":true,"href":"https:\/\/tvtecjundiai.com.br\/news\/wp-json\/wp\/v2\/comments?post=77833"}],"version-history":[{"count":1,"href":"https:\/\/tvtecjundiai.com.br\/news\/wp-json\/wp\/v2\/posts\/77833\/revisions"}],"predecessor-version":[{"id":77835,"href":"https:\/\/tvtecjundiai.com.br\/news\/wp-json\/wp\/v2\/posts\/77833\/revisions\/77835"}],"wp:featuredmedia":[{"embeddable":true,"href":"https:\/\/tvtecjundiai.com.br\/news\/wp-json\/wp\/v2\/media\/77834"}],"wp:attachment":[{"href":"https:\/\/tvtecjundiai.com.br\/news\/wp-json\/wp\/v2\/media?parent=77833"}],"wp:term":[{"taxonomy":"category","embeddable":true,"href":"https:\/\/tvtecjundiai.com.br\/news\/wp-json\/wp\/v2\/categories?post=77833"},{"taxonomy":"post_tag","embeddable":true,"href":"https:\/\/tvtecjundiai.com.br\/news\/wp-json\/wp\/v2\/tags?post=77833"}],"curies":[{"name":"wp","href":"https:\/\/api.w.org\/{rel}","templated":true}]}}