{"id":77836,"date":"2021-06-19T15:05:40","date_gmt":"2021-06-19T18:05:40","guid":{"rendered":"https:\/\/tvtecjundiai.com.br\/news\/?p=77836"},"modified":"2021-06-19T15:05:42","modified_gmt":"2021-06-19T18:05:42","slug":"capacitacao-para-horta-urbana-e-iniciada-com-treinamento-na-unidam","status":"publish","type":"post","link":"https:\/\/tvtecjundiai.com.br\/news\/2021\/06\/19\/capacitacao-para-horta-urbana-e-iniciada-com-treinamento-na-unidam\/","title":{"rendered":"Capacita\u00e7\u00e3o para Horta Urbana \u00e9 iniciada com treinamento na Unidam"},"content":{"rendered":"\n<p>A a\u00e7\u00e3o multiplataforma da Prefeitura de Jundia\u00ed com foco em incentivar o uso de espa\u00e7os em \u00e1rea urbana para o cultivo de verduras e legumes, promovendo a gera\u00e7\u00e3o de renda e a alimenta\u00e7\u00e3o saud\u00e1vel, denominado Horta Urbana, teve o primeiro ciclo de capacita\u00e7\u00e3o realizado neste s\u00e1bado (19), na Unidade de Desenvolvimento Ambiental (Unidam). A capacita\u00e7\u00e3o conta com m\u00f3dulos te\u00f3ricos e pr\u00e1ticos que auxiliar\u00e3o as pessoas interessadas em cultivar os espa\u00e7os desde o trato com o solo, plantio, colheita at\u00e9 a comercializa\u00e7\u00e3o.<\/p>\n\n\n\n<div class=\"wp-block-image\"><figure class=\"alignright size-medium is-resized\"><a href=\"https:\/\/tvtecjundiai.com.br\/news\/wp-content\/uploads\/sites\/2\/2021\/06\/horta1.jpeg\"><img loading=\"lazy\" decoding=\"async\" src=\"https:\/\/tvtecjundiai.com.br\/news\/wp-content\/uploads\/sites\/2\/2021\/06\/horta1-300x225.jpeg\" alt=\"\" class=\"wp-image-77839\" width=\"537\" height=\"403\" srcset=\"https:\/\/tvtecjundiai.com.br\/news\/wp-content\/uploads\/sites\/2\/2021\/06\/horta1-300x225.jpeg 300w, https:\/\/tvtecjundiai.com.br\/news\/wp-content\/uploads\/sites\/2\/2021\/06\/horta1-1200x898.jpeg 1200w, https:\/\/tvtecjundiai.com.br\/news\/wp-content\/uploads\/sites\/2\/2021\/06\/horta1-768x575.jpeg 768w, https:\/\/tvtecjundiai.com.br\/news\/wp-content\/uploads\/sites\/2\/2021\/06\/horta1.jpeg 1280w\" sizes=\"auto, (max-width: 537px) 100vw, 537px\" \/><\/a><figcaption>Capacita\u00e7\u00e3o conta atividades te\u00f3ricas e pr\u00e1ticas para os selecionados em participar do programa<\/figcaption><\/figure><\/div>\n\n\n\n<p>C\u00e9lia Micheloti, 52 anos, mora no Fazenda Grande e est\u00e1 interessada em cultivar \u00e1reas urbanas para produ\u00e7\u00e3o de alimentos. \u201cEst\u00e1 no meu sangue. Sempre gostei, e agora, com essa possibilidade, vou produzir com qualidade e gerar renda\u201d, comemora.<\/p>\n\n\n\n<p>Ser\u00e3o cedidas para o cultivo das hortas \u00e1reas p\u00fablicas nos bairros Novo Horizonte, S\u00e3o Camilo, Santa Gertrudes, Vila Nambi, Fazenda Grande, Cecap, Jardim do Lago, Ivoturucaia, Jardim Tamoio, Caxambu, Vila Maring\u00e1, Alvorada e Anhangaba\u00fa. \u201cA defini\u00e7\u00e3o das \u00e1reas levou em considera\u00e7\u00e3o aspectos como topografia e insola\u00e7\u00e3o dos terrenos e a proximidade com \u00e1reas que apresentam maior vulnerabilidade social\u201d, explica a diretora de Urbanismo da Unidade de Gest\u00e3o de Planejamento Urbano e Meio Ambiente (UGPUMA), Sylvia Angelini.\u00a0<\/p>\n\n\n\n<p>O curso ter\u00e1 dura\u00e7\u00e3o de mais dois s\u00e1bados \u2013 26 de junho e 3 de julho \u2013 sempre das 8 \u00e0s 13 horas, e oferecido pela Escola de Gest\u00e3o P\u00fablica (EGP), em parceria com a ETEC Benedito Storani, na UNIDAM \u2013 Unidade de Desenvolvimento Ambiental. \u201cCada turma contar\u00e1 com 15 participantes para respeitar os protocolos de seguran\u00e7a sanit\u00e1ria. A capacita\u00e7\u00e3o envolve todo o processo de preparo da terra, apoio t\u00e9cnico at\u00e9 a orienta\u00e7\u00e3o sobre a venda\u201d, detalha a diretora-presidente da EGP, Clara Magalh\u00e3es.<\/p>\n\n\n\n<p>No primeiro encontro, a presidente da Associa\u00e7\u00e3o Mulher Empres\u00e1ria de S\u00e3o Paulo, Glauciane Salles, participou, comentando sobre o empreendedorismo feminino e a campanha \u201cEu compro direto do Agro, Compre voc\u00ea tamb\u00e9m\u201d. \u201cO fortalecimento do agroneg\u00f3cio a partir das comunidades gera o ciclo virtuoso da economia. A produ\u00e7\u00e3o de temperos pelo agricultor, que pode processar e criar uma marcar pr\u00f3pria, que ser\u00e1 adquirida pelo restaurante do bairro que faz marmitas, por exemplo\u201d, detalhou.<\/p>\n\n\n\n<div class=\"wp-block-image\"><figure class=\"alignleft size-medium is-resized\"><a href=\"https:\/\/tvtecjundiai.com.br\/news\/wp-content\/uploads\/sites\/2\/2021\/06\/curso_hortas_unidam-120.jpg\"><img loading=\"lazy\" decoding=\"async\" src=\"https:\/\/tvtecjundiai.com.br\/news\/wp-content\/uploads\/sites\/2\/2021\/06\/curso_hortas_unidam-120-300x200.jpg\" alt=\"\" class=\"wp-image-77840\" width=\"509\" height=\"339\" srcset=\"https:\/\/tvtecjundiai.com.br\/news\/wp-content\/uploads\/sites\/2\/2021\/06\/curso_hortas_unidam-120-300x200.jpg 300w, https:\/\/tvtecjundiai.com.br\/news\/wp-content\/uploads\/sites\/2\/2021\/06\/curso_hortas_unidam-120-1200x800.jpg 1200w, https:\/\/tvtecjundiai.com.br\/news\/wp-content\/uploads\/sites\/2\/2021\/06\/curso_hortas_unidam-120-768x512.jpg 768w, https:\/\/tvtecjundiai.com.br\/news\/wp-content\/uploads\/sites\/2\/2021\/06\/curso_hortas_unidam-120.jpg 1280w\" sizes=\"auto, (max-width: 509px) 100vw, 509px\" \/><\/a><figcaption>Ao todo, curso conta com tr\u00eas dias de atividades<\/figcaption><\/figure><\/div>\n\n\n\n<p>O gestor da Unidade de Gest\u00e3o de Agroneg\u00f3cio, Abastecimento e Turismo (UGAAT), Eduardo Alvarez, ressaltou a import\u00e2ncia da iniciativa. \u201cA capacita\u00e7\u00e3o garante conhecimento para que esses selecionados cultivem os espa\u00e7os e possam produzir com qualidade. A equipe t\u00e9cnica acompanhar\u00e1 o desenvolvimento das a\u00e7\u00f5es nos bairros da cidade\u201d, explicou. Neste primeiro momento, 15 pessoas est\u00e3o sendo capacitadas para a participa\u00e7\u00e3o no programa.<\/p>\n\n\n\n<p>O programa Horta Urbana conta com o apoio das Unidades de Agroneg\u00f3cio, Abastecimento e Turismo, Infraestrutura e Servi\u00e7os P\u00fablicos, Assist\u00eancia e Desenvolvimento Social, Escola de Gest\u00e3o P\u00fablica, Governo e Finan\u00e7as, Conselho Municipal de Seguran\u00e7a Alimentar e Conselho Municipal de Desenvolvimento Rural.<\/p>\n\n\n\n<p><em>(Fonte\/Imagem: Prefeitura de Jundia\u00ed)<\/em><\/p>\n","protected":false},"excerpt":{"rendered":"<p>Capacita\u00e7\u00e3o conta atividades te\u00f3ricas e pr\u00e1ticas para os participantes<\/p>\n","protected":false},"author":17,"featured_media":77839,"comment_status":"closed","ping_status":"closed","sticky":false,"template":"","format":"standard","meta":{"footnotes":""},"categories":[6272,29,8356,1],"tags":[],"class_list":["post-77836","post","type-post","status-publish","format-standard","has-post-thumbnail","hentry","category-agronegocios","category-destaque","category-jundiai","category-noticias"],"_links":{"self":[{"href":"https:\/\/tvtecjundiai.com.br\/news\/wp-json\/wp\/v2\/posts\/77836","targetHints":{"allow":["GET"]}}],"collection":[{"href":"https:\/\/tvtecjundiai.com.br\/news\/wp-json\/wp\/v2\/posts"}],"about":[{"href":"https:\/\/tvtecjundiai.com.br\/news\/wp-json\/wp\/v2\/types\/post"}],"author":[{"embeddable":true,"href":"https:\/\/tvtecjundiai.com.br\/news\/wp-json\/wp\/v2\/users\/17"}],"replies":[{"embeddable":true,"href":"https:\/\/tvtecjundiai.com.br\/news\/wp-json\/wp\/v2\/comments?post=77836"}],"version-history":[{"count":1,"href":"https:\/\/tvtecjundiai.com.br\/news\/wp-json\/wp\/v2\/posts\/77836\/revisions"}],"predecessor-version":[{"id":77841,"href":"https:\/\/tvtecjundiai.com.br\/news\/wp-json\/wp\/v2\/posts\/77836\/revisions\/77841"}],"wp:featuredmedia":[{"embeddable":true,"href":"https:\/\/tvtecjundiai.com.br\/news\/wp-json\/wp\/v2\/media\/77839"}],"wp:attachment":[{"href":"https:\/\/tvtecjundiai.com.br\/news\/wp-json\/wp\/v2\/media?parent=77836"}],"wp:term":[{"taxonomy":"category","embeddable":true,"href":"https:\/\/tvtecjundiai.com.br\/news\/wp-json\/wp\/v2\/categories?post=77836"},{"taxonomy":"post_tag","embeddable":true,"href":"https:\/\/tvtecjundiai.com.br\/news\/wp-json\/wp\/v2\/tags?post=77836"}],"curies":[{"name":"wp","href":"https:\/\/api.w.org\/{rel}","templated":true}]}}