{"id":77849,"date":"2021-06-19T17:30:07","date_gmt":"2021-06-19T20:30:07","guid":{"rendered":"https:\/\/tvtecjundiai.com.br\/news\/?p=77849"},"modified":"2021-06-19T17:30:09","modified_gmt":"2021-06-19T20:30:09","slug":"comite-das-criancas-indica-investimentos-e-adere-a-campanha-de-conscientizacao-da-vacinacao-contra-covid-19","status":"publish","type":"post","link":"https:\/\/tvtecjundiai.com.br\/news\/2021\/06\/19\/comite-das-criancas-indica-investimentos-e-adere-a-campanha-de-conscientizacao-da-vacinacao-contra-covid-19\/","title":{"rendered":"Comit\u00ea das Crian\u00e7as indica investimentos e adere \u00e0 campanha de conscientiza\u00e7\u00e3o da Vacina\u00e7\u00e3o contra Covid-19"},"content":{"rendered":"\n<p>Reciclagem, recupera\u00e7\u00e3o de mata ciliar do Rio Jundia\u00ed, cuidado com animais, conscientiza\u00e7\u00e3o sobre a preserva\u00e7\u00e3o ambiental, seguran\u00e7a vi\u00e1ria, laborat\u00f3rios de inform\u00e1tica e atividades no contraturno escolar foram os principais temas indicados pelos 18 integrantes do Comit\u00ea das Crian\u00e7as aos gestores e ao prefeito Luiz Fernando Machado, na manh\u00e3 deste s\u00e1bado (19), em reuni\u00e3o extraordin\u00e1ria para apoio do grupo no desenvolvimento do Plano Plurianual (PPA) 2022 \u2013 2025. Ap\u00f3s as apresenta\u00e7\u00f5es das ideias, as crian\u00e7as se interessarem em colaborar para incentivar a popula\u00e7\u00e3o de Jundia\u00ed a buscar pela vacina\u00e7\u00e3o e, consequentemente, enfrentar a pandemia da COVID-19.<\/p>\n\n\n\n<div class=\"wp-block-image\"><figure class=\"alignright size-medium is-resized\"><a href=\"https:\/\/tvtecjundiai.com.br\/news\/wp-content\/uploads\/sites\/2\/2021\/06\/comite9.png\"><img loading=\"lazy\" decoding=\"async\" src=\"https:\/\/tvtecjundiai.com.br\/news\/wp-content\/uploads\/sites\/2\/2021\/06\/comite9-300x169.png\" alt=\"\" class=\"wp-image-77850\" width=\"545\" height=\"307\" srcset=\"https:\/\/tvtecjundiai.com.br\/news\/wp-content\/uploads\/sites\/2\/2021\/06\/comite9-300x169.png 300w, https:\/\/tvtecjundiai.com.br\/news\/wp-content\/uploads\/sites\/2\/2021\/06\/comite9-1200x675.png 1200w, https:\/\/tvtecjundiai.com.br\/news\/wp-content\/uploads\/sites\/2\/2021\/06\/comite9-768x432.png 768w, https:\/\/tvtecjundiai.com.br\/news\/wp-content\/uploads\/sites\/2\/2021\/06\/comite9.png 1280w\" sizes=\"auto, (max-width: 545px) 100vw, 545px\" \/><\/a><figcaption>Reuni\u00e3o do Comit\u00ea das Crian\u00e7as teve encontro neste s\u00e1bado (19)<\/figcaption><\/figure><\/div>\n\n\n\n<p>O tema surgiu ap\u00f3s o Prefeito Luiz Fernando Machado comentar sobre reuni\u00e3o anterior sobre a pandemia e indicar a necessidade de a popula\u00e7\u00e3o aderir \u00e0 vacina\u00e7\u00e3o e \u00e0 busca pela segunda dose da vacina. \u201cFico muito feliz e orgulhoso de ter crian\u00e7as na nossa cidade com interesse no planejamento de uma Jundia\u00ed melhor, mais forte, e boa para todos. A iniciativa sugerida de participa\u00e7\u00e3o como mensageiros pela vacina contra a COVID-19 mostra a riqueza de conhecimento e sensibilidade dessas crian\u00e7as, que querem uma cidade melhor para todos\u201d, comentou o prefeito.<\/p>\n\n\n\n<p>B\u00e1rbara Benutto Soares se prontificou em gravar um v\u00eddeo para orientar as pessoas para fazer o agendamento da vacina\u00e7\u00e3o. \u201cN\u00f3s podemos pedir para que as pessoas tomem vacina, pois \u00e9 ela que protege as contra a Covid-19\u201d, comentou a menina, que estuda na EMEB Marcos Gasparian e que tamb\u00e9m indicou a import\u00e2ncia dos equipamentos nebulizadores, -adquiridos pela Unidade de Gest\u00e3o de Educa\u00e7\u00e3o (UGE) para a higieniza\u00e7\u00e3o da escola contra o Novo Coronav\u00edrus \u2013 como importantes para todas as unidades escolares.<\/p>\n\n\n\n<p>Isabela Vit\u00f3ria de Lima quer gravar um v\u00eddeo explicando o motivo da vacina ser importante. \u201cQuando a pessoa \u00e9 vacinada, o v\u00edrus chega at\u00e9 ela e desiste de contaminar, pois ia dar muito trabalho. Da\u00ed vai para outra. Por isso \u00e9 importante ter bastante gente vacinada\u201d, detalhou.<\/p>\n\n\n\n<p><strong>PPA 2022 \u2013 2025<\/strong><\/p>\n\n\n\n<p>Para o gestor da Unidade de Governo e Finan\u00e7as (UGGF), Jos\u00e9 Antonio Parimoschi, as sugest\u00f5es feitas pelas crian\u00e7as para a elabora\u00e7\u00e3o do plano de investimentos para os pr\u00f3ximos quatro anos s\u00e3o prioridades. \u201cPreocupa\u00e7\u00e3o com o meio ambiente, preserva\u00e7\u00e3o da \u00e1gua, reciclagem, gerar menos res\u00edduo, aquecimento global, tudo tem a ver com o exagero do consumo. \u00c9 preciso buscar o equil\u00edbrio para o ecossistema a partir de a\u00e7\u00f5es planejadas e executadas com o apoio de toda a sociedade. Cidade boa \u00e9 aquela em que todos participam e quando todos cuidam dela\u201d, comentou o gestor que ainda lembrou as solicita\u00e7\u00f5es das crian\u00e7as em rela\u00e7\u00e3o \u00e0 Educa\u00e7\u00e3o, com mais laborat\u00f3rios de inform\u00e1tica \u2013 contemplado pelo Programa Escola Inovadora, al\u00e9m da Sa\u00fade, com mais Cl\u00ednicas da Fam\u00edlia na cidade. A solicita\u00e7\u00e3o tamb\u00e9m j\u00e1 est\u00e1 em andamento, com a implanta\u00e7\u00e3o da unidade na Vila Hortol\u00e2ndia \u2013 em fase final de constru\u00e7\u00e3o \u2013 e na Ponte S\u00e3o Jo\u00e3o, em obras.<\/p>\n\n\n\n<p>Maria Eduarda Ruscillo Pauluk Sales, a Madu, fez apontamentos relacionados com a Educa\u00e7\u00e3o. Estudante da EMEB Fl\u00e1vio D\u00b4Angieri, lembrou que a escola j\u00e1 foi uma extens\u00e3o da Escola Estadual Bispo Dom Gabriel Paulino Bueno Couto. \u201cMinha m\u00e3e estudou nessa escola\u201d, contou.<\/p>\n\n\n\n<p>O saldo da apresenta\u00e7\u00e3o das indica\u00e7\u00f5es das crian\u00e7as, na opini\u00e3o do gestor da Unidade de Gest\u00e3o de Cultura (UGC), Marcelo Peroni, foi surpreendente. \u201cAs crian\u00e7as tiveram um primeiro contato sobre o PPA na semana passada e, pelas sugest\u00f5es feitas, foi poss\u00edvel identificar o quanto dialogaram com outras pessoas para trazer as propostas. Reiteramos o quanto \u00e9 s\u00e9rio este trabalho das crian\u00e7as, e a cidade escuta, indo al\u00e9m, neste ano, com a inser\u00e7\u00e3o no PPA\u201d, comenta.<\/p>\n\n\n\n<p><em>(Fonte\/Imagem: Prefeitura de Jundia\u00ed)<\/em><\/p>\n","protected":false},"excerpt":{"rendered":"<p>Reuni\u00e3o do Comit\u00ea das Crian\u00e7as teve encontro neste s\u00e1bado (19)<\/p>\n","protected":false},"author":17,"featured_media":77850,"comment_status":"closed","ping_status":"closed","sticky":false,"template":"","format":"standard","meta":{"footnotes":""},"categories":[3060,1],"tags":[],"class_list":["post-77849","post","type-post","status-publish","format-standard","has-post-thumbnail","hentry","category-geral","category-noticias"],"_links":{"self":[{"href":"https:\/\/tvtecjundiai.com.br\/news\/wp-json\/wp\/v2\/posts\/77849","targetHints":{"allow":["GET"]}}],"collection":[{"href":"https:\/\/tvtecjundiai.com.br\/news\/wp-json\/wp\/v2\/posts"}],"about":[{"href":"https:\/\/tvtecjundiai.com.br\/news\/wp-json\/wp\/v2\/types\/post"}],"author":[{"embeddable":true,"href":"https:\/\/tvtecjundiai.com.br\/news\/wp-json\/wp\/v2\/users\/17"}],"replies":[{"embeddable":true,"href":"https:\/\/tvtecjundiai.com.br\/news\/wp-json\/wp\/v2\/comments?post=77849"}],"version-history":[{"count":1,"href":"https:\/\/tvtecjundiai.com.br\/news\/wp-json\/wp\/v2\/posts\/77849\/revisions"}],"predecessor-version":[{"id":77851,"href":"https:\/\/tvtecjundiai.com.br\/news\/wp-json\/wp\/v2\/posts\/77849\/revisions\/77851"}],"wp:featuredmedia":[{"embeddable":true,"href":"https:\/\/tvtecjundiai.com.br\/news\/wp-json\/wp\/v2\/media\/77850"}],"wp:attachment":[{"href":"https:\/\/tvtecjundiai.com.br\/news\/wp-json\/wp\/v2\/media?parent=77849"}],"wp:term":[{"taxonomy":"category","embeddable":true,"href":"https:\/\/tvtecjundiai.com.br\/news\/wp-json\/wp\/v2\/categories?post=77849"},{"taxonomy":"post_tag","embeddable":true,"href":"https:\/\/tvtecjundiai.com.br\/news\/wp-json\/wp\/v2\/tags?post=77849"}],"curies":[{"name":"wp","href":"https:\/\/api.w.org\/{rel}","templated":true}]}}