{"id":77951,"date":"2021-06-21T16:54:07","date_gmt":"2021-06-21T19:54:07","guid":{"rendered":"https:\/\/tvtecjundiai.com.br\/news\/?p=77951"},"modified":"2021-06-21T17:16:31","modified_gmt":"2021-06-21T20:16:31","slug":"prefeitura-recebe-doacao-de-cobertores-e-agua-do-grupo-tpv-technology-ltda-1","status":"publish","type":"post","link":"https:\/\/tvtecjundiai.com.br\/news\/2021\/06\/21\/prefeitura-recebe-doacao-de-cobertores-e-agua-do-grupo-tpv-technology-ltda-1\/","title":{"rendered":"&#8216;Noites Frias&#8217; recebe doa\u00e7\u00e3o de 120 cobertores e 720 \u00e1guas do grupo TPV"},"content":{"rendered":"\n<p>A Unidade de Gest\u00e3o de Assist\u00eancia e Desenvolvimento Social (UGADS) recebeu, na manh\u00e3 desta segunda-feira (21), doa\u00e7\u00e3o de 120 cobertores e 720 garrafas de \u00e1gua, resultado de a\u00e7\u00e3o solid\u00e1ria realizada no Grupo TPV Technology LTDA. Os artigos ser\u00e3o utilizados para o atendimento ao programa \u201cNoites Frias\u2019, direcionado para o cuidado da popula\u00e7\u00e3o em situa\u00e7\u00e3o de rua.<\/p>\n\n\n\n<p>De acordo com o diretor da Prote\u00e7\u00e3o Social Especial da Unidade de Gest\u00e3o de Assist\u00eancia e Desenvolvimento Social (UGADS), Luiz Guilherme Fuschini Camargo, a doa\u00e7\u00e3o auxiliar\u00e1 no trabalho j\u00e1 desenvolvido. \u201cJundia\u00ed desenvolve v\u00e1rios trabalhos para o atendimento \u00e0 popula\u00e7\u00e3o em vulnerabilidade. Com a chegada do inverno, a doa\u00e7\u00e3o de cobertores \u00e0s pessoas que recusam o acolhimento \u00e9 a forma de garantir o cuidado \u00e0 essa popula\u00e7\u00e3o\u201d, comenta.<\/p>\n\n\n\n<figure class=\"wp-block-image size-large\"><img loading=\"lazy\" decoding=\"async\" width=\"1200\" height=\"800\" src=\"https:\/\/tvtecjundiai.com.br\/news\/wp-content\/uploads\/sites\/2\/2021\/06\/doacao-de-cobertores-da-empresa-aoc-ao-centro-pop_c_-3-1200x800.jpg\" alt=\"\" class=\"wp-image-77952\" srcset=\"https:\/\/tvtecjundiai.com.br\/news\/wp-content\/uploads\/sites\/2\/2021\/06\/doacao-de-cobertores-da-empresa-aoc-ao-centro-pop_c_-3-1200x800.jpg 1200w, https:\/\/tvtecjundiai.com.br\/news\/wp-content\/uploads\/sites\/2\/2021\/06\/doacao-de-cobertores-da-empresa-aoc-ao-centro-pop_c_-3-300x200.jpg 300w, https:\/\/tvtecjundiai.com.br\/news\/wp-content\/uploads\/sites\/2\/2021\/06\/doacao-de-cobertores-da-empresa-aoc-ao-centro-pop_c_-3-768x512.jpg 768w, https:\/\/tvtecjundiai.com.br\/news\/wp-content\/uploads\/sites\/2\/2021\/06\/doacao-de-cobertores-da-empresa-aoc-ao-centro-pop_c_-3.jpg 1280w\" sizes=\"auto, (max-width: 1200px) 100vw, 1200px\" \/><figcaption>Doa\u00e7\u00e3o de 120 cobertores e 720 garrafas de \u00e1gua da TPV Technology foi realizada na manh\u00e3 desta segunda-feira (21)<\/figcaption><\/figure>\n\n\n\n<p>Segundo Jaqueline Oliveira, representante da TPV Techonoloy LTDA, esta \u00e9 a terceira doa\u00e7\u00e3o feita ao trabalho jundiaiense. \u201cTemos muitos funcion\u00e1rios que s\u00e3o de Jundia\u00ed e a escolha para a doa\u00e7\u00e3o foi natural. Neste ano tivemos um aumento representativo no engajamento dos trabalhadores. Conseguimos 120 cobertores e temos 180 funcion\u00e1rios. Quase um cobertor doado por colaborador\u201d, explica.<\/p>\n\n\n\n<p>Os interessados em realizar doa\u00e7\u00f5es aos programas da UGADS devem entrar em contato com o Fundo Social de Solidariedade (Funss), para ser encaminhado na sequ\u00eancia.<\/p>\n\n\n\n<p><em>(Texto\/Imagem: Prefeitura de Jundia\u00ed)<\/em><\/p>\n","protected":false},"excerpt":{"rendered":"<p>A doa\u00e7\u00e3o foi recebida por meio da Unidade de Gest\u00e3o de Assist\u00eancia e Desenvolvimento Social (UGADS)<\/p>\n","protected":false},"author":28,"featured_media":77952,"comment_status":"closed","ping_status":"closed","sticky":false,"template":"","format":"standard","meta":{"footnotes":""},"categories":[8356,1],"tags":[],"class_list":["post-77951","post","type-post","status-publish","format-standard","has-post-thumbnail","hentry","category-jundiai","category-noticias"],"_links":{"self":[{"href":"https:\/\/tvtecjundiai.com.br\/news\/wp-json\/wp\/v2\/posts\/77951","targetHints":{"allow":["GET"]}}],"collection":[{"href":"https:\/\/tvtecjundiai.com.br\/news\/wp-json\/wp\/v2\/posts"}],"about":[{"href":"https:\/\/tvtecjundiai.com.br\/news\/wp-json\/wp\/v2\/types\/post"}],"author":[{"embeddable":true,"href":"https:\/\/tvtecjundiai.com.br\/news\/wp-json\/wp\/v2\/users\/28"}],"replies":[{"embeddable":true,"href":"https:\/\/tvtecjundiai.com.br\/news\/wp-json\/wp\/v2\/comments?post=77951"}],"version-history":[{"count":2,"href":"https:\/\/tvtecjundiai.com.br\/news\/wp-json\/wp\/v2\/posts\/77951\/revisions"}],"predecessor-version":[{"id":77958,"href":"https:\/\/tvtecjundiai.com.br\/news\/wp-json\/wp\/v2\/posts\/77951\/revisions\/77958"}],"wp:featuredmedia":[{"embeddable":true,"href":"https:\/\/tvtecjundiai.com.br\/news\/wp-json\/wp\/v2\/media\/77952"}],"wp:attachment":[{"href":"https:\/\/tvtecjundiai.com.br\/news\/wp-json\/wp\/v2\/media?parent=77951"}],"wp:term":[{"taxonomy":"category","embeddable":true,"href":"https:\/\/tvtecjundiai.com.br\/news\/wp-json\/wp\/v2\/categories?post=77951"},{"taxonomy":"post_tag","embeddable":true,"href":"https:\/\/tvtecjundiai.com.br\/news\/wp-json\/wp\/v2\/tags?post=77951"}],"curies":[{"name":"wp","href":"https:\/\/api.w.org\/{rel}","templated":true}]}}