{"id":77983,"date":"2021-06-22T12:35:23","date_gmt":"2021-06-22T15:35:23","guid":{"rendered":"https:\/\/tvtecjundiai.com.br\/news\/?p=77983"},"modified":"2021-06-22T12:35:28","modified_gmt":"2021-06-22T15:35:28","slug":"o-que-se-sabe-sobre-duracao-da-imunidade-contra-covid-19-apos-vacina","status":"publish","type":"post","link":"https:\/\/tvtecjundiai.com.br\/news\/2021\/06\/22\/o-que-se-sabe-sobre-duracao-da-imunidade-contra-covid-19-apos-vacina\/","title":{"rendered":"O que se sabe sobre dura\u00e7\u00e3o da imunidade contra COVID-19 ap\u00f3s vacina"},"content":{"rendered":"\n<p>\u00c0 medida que a campanha de vacina\u00e7\u00e3o contra COVID-19 avan\u00e7a, a pergunta se torna cada vez mais premente: quanto tempo vai durar nossa imunidade? Obviamente, ainda n\u00e3o temos uma resposta baseada em evid\u00eancias, uma vez que n\u00e3o se passou tempo suficiente desde o surgimento da doen\u00e7a. Mas j\u00e1 temos algumas descobertas animadoras.<\/p>\n\n\n\n<p><strong>A mem\u00f3ria imunol\u00f3gica<\/strong><br>Quando o sistema imunol\u00f3gico entra em contato com um ant\u00edgeno pela primeira vez, leva alguns dias para que os componentes da resposta espec\u00edfica sejam ativados completamente. Al\u00e9m disso, essa resposta prim\u00e1ria n\u00e3o atinge todo o potencial que o sistema imunol\u00f3gico poderia ser capaz, e \u00e9 por isso que \u00e0s vezes sucumbimos a infec\u00e7\u00f5es. <\/p>\n\n\n\n<p>Por\u00e9m, como resultado deste encontro, s\u00e3o geradas c\u00e9lulas de mem\u00f3ria, que t\u00eam vida longa e que armazenam a informa\u00e7\u00e3o de como destruir o ant\u00edgeno. Se voltarmos a encontrar com ele, a resposta secund\u00e1ria ser\u00e1 muito mais r\u00e1pida, potente e eficaz gra\u00e7as \u00e0 ativa\u00e7\u00e3o dessas c\u00e9lulas de mem\u00f3ria.<\/p>\n\n\n\n<p><strong>Os coronav\u00edrus geram mem\u00f3ria?<\/strong><br>Sabemos que sim porque existem quatro coronav\u00edrus que causam cerca de 20% dos resfriados comuns, assim como duas outras doen\u00e7as graves: a SARS (S\u00edndrome Respirat\u00f3ria Aguda Grave, que apareceu em 2003) e a MERS (S\u00edndrome Respirat\u00f3ria do Oriente M\u00e9dio, que surgiu em 2012).<\/p>\n\n\n\n<p>A mem\u00f3ria contra os coronav\u00edrus causadores de resfriados n\u00e3o \u00e9 muito potente, e \u00e9 por isso que adoecemos com tanta frequ\u00eancia, al\u00e9m do fato de que existem outros v\u00edrus n\u00e3o relacionados que tamb\u00e9m provocam a condi\u00e7\u00e3o.<\/p>\n\n\n\n<p>E, em rela\u00e7\u00e3o \u00e0 SARS, sabemos que os anticorpos em pessoas que tiveram a doen\u00e7a diminu\u00edram rapidamente e mal foram detectados dois anos depois, enquanto as c\u00e9lulas de mem\u00f3ria produtoras de anticorpos (linf\u00f3citos B) desapareceram antes de seis anos, a partir de quando haveria falta de prote\u00e7\u00e3o.<\/p>\n\n\n\n<p>No entanto, estudos recentes encontraram anticorpos neutralizantes 17 anos ap\u00f3s a infec\u00e7\u00e3o. Por isso, os temores de que a imunidade contra o SARS-CoV-2, v\u00edrus causador da COVID-19, tamb\u00e9m fosse de curta dura\u00e7\u00e3o eram justificados.<\/p>\n\n\n\n<p><strong>C\u00e9lulas plasm\u00e1ticas de longa vida<\/strong><br>Se fizermos um exame, \u00e9 prov\u00e1vel que ainda tenhamos anticorpos contra doen\u00e7as t\u00edpicas da inf\u00e2ncia, como sarampo ou caxumba, embora tenham se passado muitos anos desde que contra\u00edmos a doen\u00e7a e n\u00e3o tivemos contato com o ant\u00edgeno novamente.<\/p>\n\n\n\n<p>Como isso \u00e9 poss\u00edvel, considerando que a ativa\u00e7\u00e3o das c\u00e9lulas de mem\u00f3ria requer um novo encontro com o pat\u00f3geno? Como os anticorpos podem durar tanto? Quando o linf\u00f3cito B \u00e9 ativado ap\u00f3s reconhecer o ant\u00edgeno, ele se converte em uma c\u00e9lula, chamada c\u00e9lula plasm\u00e1tica, que \u00e9 quem realmente produz os anticorpos. A maioria destas c\u00e9lulas morre quando a infec\u00e7\u00e3o termina, e s\u00e3o chamadas de c\u00e9lulas plasm\u00e1ticas de vida curta.<\/p>\n\n\n\n<p>Mas, em certas ocasi\u00f5es, s\u00e3o geradas outras c\u00e9lulas muito peculiares, encontradas em nichos especiais na medula \u00f3ssea, chamadas de c\u00e9lulas plasm\u00e1ticas de vida longa. Durante todo esse tempo, estariam produzindo anticorpos que neutralizariam uma nova infec\u00e7\u00e3o, como ocorre com a rub\u00e9ola, mononucleose infecciosa, caxumba ou sarampo. \u00c9 por isso que n\u00e3o voltamos a sofrer com essas doen\u00e7as.<\/p>\n\n\n\n<p><strong>C\u00e9lulas de mem\u00f3ria e plasm\u00e1ticas de vida longa na COVID-19<\/strong><br>Embora logicamente, ainda n\u00e3o saibamos exatamente quanto tempo vai durar a imunidade contra o v\u00edrus SARS-CoV-2, as perspectivas hoje s\u00e3o mais promissoras do que h\u00e1 alguns meses, gra\u00e7as a uma s\u00e9rie de descobertas.<\/p>\n\n\n\n<p>Em primeiro lugar, descobriu-se que os anticorpos contra o SARS-CoV-2 permaneciam na sorologia de pacientes que haviam contra\u00eddo a doen\u00e7a por pelo menos 8 meses e que diminu\u00edam a uma velocidade inferior do que se temia inicialmente.<\/p>\n\n\n\n<p>Em segundo lugar, as c\u00e9lulas de mem\u00f3ria produtoras de anticorpos se mantiveram muito ativas e em n\u00edveis muito altos ao longo desses 8 meses, de modo que poderia se supor que confeririam prote\u00e7\u00e3o por alguns anos.<\/p>\n\n\n\n<p>Estudos mais recentes elevaram essa prote\u00e7\u00e3o para, pelo menos, 12 meses com uma aparente sele\u00e7\u00e3o voltada para aquelas c\u00e9lulas de mem\u00f3ria mais eficazes. Mais uma raz\u00e3o para tomarmos a vacina.<\/p>\n\n\n\n<p>Em terceiro lugar, nos indiv\u00edduos que, por terem desenvolvido uma forma leve da doen\u00e7a, n\u00e3o se encontrava essas c\u00e9lulas B de mem\u00f3ria, eles apresentavam uma resposta bastante forte por parte das c\u00e9lulas T de mem\u00f3ria, respons\u00e1veis \u200b\u200bpela imunidade celular. Ou seja, nem tudo se deve aos anticorpos.<\/p>\n\n\n\n<p>Em quarto lugar, a resposta \u00e0s vacinas induz uma potente forma\u00e7\u00e3o de c\u00e9lulas plasm\u00e1ticas nos chamados centros germinativos, requisito fundamental para a produ\u00e7\u00e3o dessas c\u00e9lulas B de mem\u00f3ria. At\u00e9 agora, s\u00f3 boas not\u00edcias.<\/p>\n\n\n\n<p>Mas tem mais. Os pesquisadores se surpreenderam com o fato de que a diminui\u00e7\u00e3o na concentra\u00e7\u00e3o de anticorpos ap\u00f3s contrair a doen\u00e7a tinha duas fases: uma primeira, em que se deterioravam rapidamente, e outra a partir da qual se mantinham est\u00e1veis. Este padr\u00e3o sugere que as c\u00e9lulas plasm\u00e1ticas de longa vida podem ser respons\u00e1veis \u200b\u200bpela manuten\u00e7\u00e3o desses anticorpos.<\/p>\n\n\n\n<p>A hip\u00f3tese se mostrou correta, pois foi poss\u00edvel isolar e purificar essas c\u00e9lulas plasm\u00e1ticas de longa vida, que haviam encontrado seu nicho na medula \u00f3ssea, 11 meses ap\u00f3s os pacientes terem tido a doen\u00e7a. Uma not\u00edcia maravilhosa.<\/p>\n\n\n\n<p>Porque nos indica que, al\u00e9m de ter uma resposta robusta de longo prazo das c\u00e9lulas T e B de mem\u00f3ria, tamb\u00e9m vamos contar com c\u00e9lulas plasm\u00e1ticas que estar\u00e3o produzindo anticorpos contra o v\u00edrus durante, provavelmente, muitos anos.<\/p>\n\n\n\n<figure class=\"wp-block-image size-large\"><img loading=\"lazy\" decoding=\"async\" width=\"1152\" height=\"768\" src=\"https:\/\/tvtecjundiai.com.br\/news\/wp-content\/uploads\/sites\/2\/2021\/05\/vacinacao-covid-63-mais-na-paroquia-santo-antonio_c_-1.jpg\" alt=\"\" class=\"wp-image-75555\" srcset=\"https:\/\/tvtecjundiai.com.br\/news\/wp-content\/uploads\/sites\/2\/2021\/05\/vacinacao-covid-63-mais-na-paroquia-santo-antonio_c_-1.jpg 1152w, https:\/\/tvtecjundiai.com.br\/news\/wp-content\/uploads\/sites\/2\/2021\/05\/vacinacao-covid-63-mais-na-paroquia-santo-antonio_c_-1-300x200.jpg 300w, https:\/\/tvtecjundiai.com.br\/news\/wp-content\/uploads\/sites\/2\/2021\/05\/vacinacao-covid-63-mais-na-paroquia-santo-antonio_c_-1-768x512.jpg 768w\" sizes=\"auto, (max-width: 1152px) 100vw, 1152px\" \/><\/figure>\n\n\n\n<p><strong>Nuvens escuras no horizonte: as novas variantes<\/strong><br>Isso significa que n\u00e3o precisaremos ser vacinados nunca mais? Provavelmente n\u00e3o, embora s\u00f3 o tempo dir\u00e1. N\u00e3o podemos excluir o surgimento de novas variantes, suficientemente diferentes do v\u00edrus original, para que sejam capazes de escapar das nossas c\u00e9lulas de mem\u00f3ria, que s\u00f3 se lembram do que j\u00e1 viram.<\/p>\n\n\n\n<p>Por isso, e apesar do atual clima de maior otimismo dentro da comunidade cient\u00edfica, n\u00e3o podemos baixar a guarda. Vamos conviver com o v\u00edrus por muitos anos, ent\u00e3o teremos que vigi\u00e1-lo de perto. N\u00e3o se pode repetir a hist\u00f3ria.<\/p>\n\n\n\n<p><em>(Texto: G1\/Imagem: TVTEC)<\/em><\/p>\n","protected":false},"excerpt":{"rendered":"<p>Ainda n\u00e3o temos uma resposta baseada em evid\u00eancias, mas j\u00e1 temos algumas descobertas animadoras.<\/p>\n","protected":false},"author":28,"featured_media":75555,"comment_status":"closed","ping_status":"closed","sticky":false,"template":"","format":"standard","meta":{"footnotes":""},"categories":[8356,1],"tags":[],"class_list":["post-77983","post","type-post","status-publish","format-standard","has-post-thumbnail","hentry","category-jundiai","category-noticias"],"_links":{"self":[{"href":"https:\/\/tvtecjundiai.com.br\/news\/wp-json\/wp\/v2\/posts\/77983","targetHints":{"allow":["GET"]}}],"collection":[{"href":"https:\/\/tvtecjundiai.com.br\/news\/wp-json\/wp\/v2\/posts"}],"about":[{"href":"https:\/\/tvtecjundiai.com.br\/news\/wp-json\/wp\/v2\/types\/post"}],"author":[{"embeddable":true,"href":"https:\/\/tvtecjundiai.com.br\/news\/wp-json\/wp\/v2\/users\/28"}],"replies":[{"embeddable":true,"href":"https:\/\/tvtecjundiai.com.br\/news\/wp-json\/wp\/v2\/comments?post=77983"}],"version-history":[{"count":1,"href":"https:\/\/tvtecjundiai.com.br\/news\/wp-json\/wp\/v2\/posts\/77983\/revisions"}],"predecessor-version":[{"id":77984,"href":"https:\/\/tvtecjundiai.com.br\/news\/wp-json\/wp\/v2\/posts\/77983\/revisions\/77984"}],"wp:featuredmedia":[{"embeddable":true,"href":"https:\/\/tvtecjundiai.com.br\/news\/wp-json\/wp\/v2\/media\/75555"}],"wp:attachment":[{"href":"https:\/\/tvtecjundiai.com.br\/news\/wp-json\/wp\/v2\/media?parent=77983"}],"wp:term":[{"taxonomy":"category","embeddable":true,"href":"https:\/\/tvtecjundiai.com.br\/news\/wp-json\/wp\/v2\/categories?post=77983"},{"taxonomy":"post_tag","embeddable":true,"href":"https:\/\/tvtecjundiai.com.br\/news\/wp-json\/wp\/v2\/tags?post=77983"}],"curies":[{"name":"wp","href":"https:\/\/api.w.org\/{rel}","templated":true}]}}