{"id":78061,"date":"2021-06-23T13:37:11","date_gmt":"2021-06-23T16:37:11","guid":{"rendered":"https:\/\/tvtecjundiai.com.br\/news\/?p=78061"},"modified":"2021-06-23T13:37:17","modified_gmt":"2021-06-23T16:37:17","slug":"representantes-de-penapolis-visitam-o-mundo-das-criancas-e-acoes-para-a-primeira-infancia","status":"publish","type":"post","link":"https:\/\/tvtecjundiai.com.br\/news\/2021\/06\/23\/representantes-de-penapolis-visitam-o-mundo-das-criancas-e-acoes-para-a-primeira-infancia\/","title":{"rendered":"Representantes de Pen\u00e1polis visitam o Mundo das Crian\u00e7as e a\u00e7\u00f5es para a Primeira Inf\u00e2ncia"},"content":{"rendered":"\n<p>Servidores que participam do Grupo de Trabalho Cidade na Crian\u00e7a, da Prefeitura de Jundia\u00ed, se reuniram com gestores da Secretaria de Assist\u00eancia Social e Cidadania de Pen\u00e1polis-SP para apresentar pol\u00edticas p\u00fablicas e projetos voltados para a primeira inf\u00e2ncia de Jundia\u00ed. A reuni\u00e3o ocorreu na manh\u00e3 de ter\u00e7a-feira (22), no Complexo Fepasa, com coordena\u00e7\u00e3o do gestor de Cultura, Marcelo Peroni.<\/p>\n\n\n\n<p>O gestor apresentou as pol\u00edticas p\u00fablicas para a primeira inf\u00e2ncia desenvolvidas pelo munic\u00edpio e destacou a import\u00e2ncia do \u201cComit\u00ea das Crian\u00e7as\u201d, criado em 2018 e que tem entre suas principais fun\u00e7\u00f5es a escuta das crian\u00e7as de Jundia\u00ed e suas demandas. Tamb\u00e9m foi compartilhada a participa\u00e7\u00e3o do munic\u00edpio em redes internacionais, como a Rede Latino-Americana \u2013 Cidade das Crian\u00e7as e URBAN95, assim como as parcerias institucionais com o Instituto Alana e a Funda\u00e7\u00e3o Bernard van Leer.<\/p>\n\n\n\n<p>A reconhecida implementa\u00e7\u00e3o do Programa Crian\u00e7a Feliz em Jundia\u00ed foi apresentada pela Diretora do Departamento de Prote\u00e7\u00e3o Social B\u00e1sica da Unidade de GEst\u00e3o de Assist\u00eancia e Desenvolvimento Social (UGADS),\u00a0C\u00e1ssia Regina Carpi do Prado e a articuladora do Programa S\u00e3o Paulo pela Primeir\u00edssima Inf\u00e2ncia pela Unidade de Gest\u00e3o de Promo\u00e7\u00e3o da Sa\u00fade (UGPS), Gerusa de Oliveira Moura Cardoso, apresentou a metodologia do programa e os projetos e a\u00e7\u00f5es realizados em Jundia\u00ed.\u00a0Ap\u00f3s a reuni\u00e3o com os participantes do GT Crian\u00e7a na Cidade, os visitantes de Pen\u00e1polis conheceram o Parque Mundo das Crian\u00e7as, que foi uma das demandas do Comit\u00ea das Crian\u00e7as atendidas pelo Prefeito Luiz Fernando Machado. O espa\u00e7o foi apresentado ao grupo pelo respons\u00e1vel Luiz Trientini com o detalhamento da preserva\u00e7\u00e3o ambiental, educa\u00e7\u00e3o, esporte, cultura e lazer envolvidos no espa\u00e7o.<\/p>\n\n\n\n<figure class=\"wp-block-image size-large\"><img loading=\"lazy\" decoding=\"async\" width=\"1200\" height=\"900\" src=\"https:\/\/tvtecjundiai.com.br\/news\/wp-content\/uploads\/sites\/2\/2021\/06\/penapolis-mundo1_ok-1200x900.jpg\" alt=\"\" class=\"wp-image-78062\" srcset=\"https:\/\/tvtecjundiai.com.br\/news\/wp-content\/uploads\/sites\/2\/2021\/06\/penapolis-mundo1_ok-1200x900.jpg 1200w, https:\/\/tvtecjundiai.com.br\/news\/wp-content\/uploads\/sites\/2\/2021\/06\/penapolis-mundo1_ok-300x225.jpg 300w, https:\/\/tvtecjundiai.com.br\/news\/wp-content\/uploads\/sites\/2\/2021\/06\/penapolis-mundo1_ok-768x576.jpg 768w, https:\/\/tvtecjundiai.com.br\/news\/wp-content\/uploads\/sites\/2\/2021\/06\/penapolis-mundo1_ok.jpg 1280w\" sizes=\"auto, (max-width: 1200px) 100vw, 1200px\" \/><figcaption>Visita\u00e7\u00e3o ao Mundo das Crian\u00e7as feita pela equipe de Pen\u00e1polis e integrantes da gest\u00e3o de Jundia\u00ed<\/figcaption><\/figure>\n\n\n\n<p>\u201cAs reuni\u00f5es foram muito produtivas e um importante canal para Pen\u00e1polis se espelhar e fazer a diferen\u00e7a no trabalho com a primeira inf\u00e2ncia\u201d, comentou o secret\u00e1rio Municipal de Assist\u00eancia Social e Cidadania de Pen\u00e1polis-SP, Pedro Luiz Menti Sanchez.<\/p>\n\n\n\n<p>Ainda participara da reuni\u00e3o o Diretor de Entregas da Unidade de Gest\u00e3o de Governo e Finan\u00e7as (UGGF), Jo\u00e3o Anhesini, o secret\u00e1rio Municipal de Assist\u00eancia Social e Cidadania de Pen\u00e1polis-SP, N\u00e9rcia Pereira Ribeiro, Chefe da Prote\u00e7\u00e3o Social B\u00e1sica e Marli Ap. Escardovelli, Chefe da Prote\u00e7\u00e3o Social Especial.<\/p>\n\n\n\n<p><em>(Texto\/Imagem: Prefeitura de Jundia\u00ed)<\/em><\/p>\n","protected":false},"excerpt":{"rendered":"<p>A reuni\u00e3o ocorreu na manh\u00e3 de ter\u00e7a-feira (22), no Complexo Fepasa, com coordena\u00e7\u00e3o do gestor Marcelo Peroni<\/p>\n","protected":false},"author":28,"featured_media":78062,"comment_status":"closed","ping_status":"closed","sticky":false,"template":"","format":"standard","meta":{"footnotes":""},"categories":[8356,1],"tags":[],"class_list":["post-78061","post","type-post","status-publish","format-standard","has-post-thumbnail","hentry","category-jundiai","category-noticias"],"_links":{"self":[{"href":"https:\/\/tvtecjundiai.com.br\/news\/wp-json\/wp\/v2\/posts\/78061","targetHints":{"allow":["GET"]}}],"collection":[{"href":"https:\/\/tvtecjundiai.com.br\/news\/wp-json\/wp\/v2\/posts"}],"about":[{"href":"https:\/\/tvtecjundiai.com.br\/news\/wp-json\/wp\/v2\/types\/post"}],"author":[{"embeddable":true,"href":"https:\/\/tvtecjundiai.com.br\/news\/wp-json\/wp\/v2\/users\/28"}],"replies":[{"embeddable":true,"href":"https:\/\/tvtecjundiai.com.br\/news\/wp-json\/wp\/v2\/comments?post=78061"}],"version-history":[{"count":1,"href":"https:\/\/tvtecjundiai.com.br\/news\/wp-json\/wp\/v2\/posts\/78061\/revisions"}],"predecessor-version":[{"id":78063,"href":"https:\/\/tvtecjundiai.com.br\/news\/wp-json\/wp\/v2\/posts\/78061\/revisions\/78063"}],"wp:featuredmedia":[{"embeddable":true,"href":"https:\/\/tvtecjundiai.com.br\/news\/wp-json\/wp\/v2\/media\/78062"}],"wp:attachment":[{"href":"https:\/\/tvtecjundiai.com.br\/news\/wp-json\/wp\/v2\/media?parent=78061"}],"wp:term":[{"taxonomy":"category","embeddable":true,"href":"https:\/\/tvtecjundiai.com.br\/news\/wp-json\/wp\/v2\/categories?post=78061"},{"taxonomy":"post_tag","embeddable":true,"href":"https:\/\/tvtecjundiai.com.br\/news\/wp-json\/wp\/v2\/tags?post=78061"}],"curies":[{"name":"wp","href":"https:\/\/api.w.org\/{rel}","templated":true}]}}