{"id":78094,"date":"2021-06-23T17:15:30","date_gmt":"2021-06-23T20:15:30","guid":{"rendered":"https:\/\/tvtecjundiai.com.br\/news\/?p=78094"},"modified":"2021-06-24T10:27:36","modified_gmt":"2021-06-24T13:27:36","slug":"prefeitura-de-jundiai-em-parceria-com-a-tvtec-ofertou-2-528-vagas-em-2021-1","status":"publish","type":"post","link":"https:\/\/tvtecjundiai.com.br\/news\/2021\/06\/23\/prefeitura-de-jundiai-em-parceria-com-a-tvtec-ofertou-2-528-vagas-em-2021-1\/","title":{"rendered":"Prefeitura de Jundia\u00ed, em parceria com a TVTEC, j\u00e1 ofereceu 2.528 vagas em cursos gratuitos este ano"},"content":{"rendered":"\n<p>A Prefeitura de Jundia\u00ed, em parceria com a TVTEC, ofertou, somente neste ano de 2021, 2.528 vagas para cursos online e totalmente gratuitos. Os cursos est\u00e3o sendo ministrados desde janeiro e j\u00e1 formaram, at\u00e9 o dia 17 deste m\u00eas, 1.427 alunos.<\/p>\n\n\n\n<p>Foram mais de 77 cursos oferecidos, ministrados por 23 professores, voltados principalmente para a \u00e1rea de m\u00eddias sociais e empreendedorismo. Entre os temas vistos pelos alunos neste ano, estiveram edi\u00e7\u00e3o de fotos com o celular, fotografia para neg\u00f3cios, oficina de LinkedIn, cria\u00e7\u00e3o de postagens para Facebook e Instagram, al\u00e9m dos cursos voltados para empreendedorismo, como design thinking e tire seu projeto do papel.<\/p>\n\n\n\n<figure class=\"wp-block-image size-large\"><img loading=\"lazy\" decoding=\"async\" width=\"1048\" height=\"699\" src=\"https:\/\/tvtecjundiai.com.br\/news\/wp-content\/uploads\/sites\/2\/2021\/02\/foto-cursos.jpg\" alt=\"\" class=\"wp-image-71323\" srcset=\"https:\/\/tvtecjundiai.com.br\/news\/wp-content\/uploads\/sites\/2\/2021\/02\/foto-cursos.jpg 1048w, https:\/\/tvtecjundiai.com.br\/news\/wp-content\/uploads\/sites\/2\/2021\/02\/foto-cursos-300x200.jpg 300w, https:\/\/tvtecjundiai.com.br\/news\/wp-content\/uploads\/sites\/2\/2021\/02\/foto-cursos-768x512.jpg 768w\" sizes=\"auto, (max-width: 1048px) 100vw, 1048px\" \/><figcaption>Cursos voltados para fotografia s\u00e3o uma das v\u00e1rias modalidades que foram oferecidas<\/figcaption><\/figure>\n\n\n\n<p>Foram muitos os alunos que se beneficiaram com as aulas. Uma dessas estudantes \u00e9 a jundiaiense Daiane Ciarrocchi, que realizou v\u00e1rios cursos pela TVTEC com o objetivo de se aperfei\u00e7oar, principalmente ap\u00f3s a pandemia.<\/p>\n\n\n\n<p>Ela aproveitou os cursos enquanto passava por um momento em que mudava de \u00e1rea. \u201cAcredito que a oportunidade de participar dos cursos veio num momento que eu precisava, deixei um emprego em 2018 e comecei a empreender, e desde ent\u00e3o tenho feitos cursos e mentorias da TVTEC pra me ajudar nesse caminho\u201d, diz.<\/p>\n\n\n\n<p>Daiane aproveitou para elogiar um dos professores da TVTEC, Anderson Muller. \u201cA mentoria com o Anderson foi um divisor de \u00e1guas na minha carreira profissional, para entender de fato como me destacar nesse novo normal, e as ferramentas dos outros cursos, como reels, stories, edi\u00e7\u00e3o de v\u00eddeos e fotos, e o mais recente TikTok tamb\u00e9m complementaram essas ferramentas\u201d.<\/p>\n\n\n\n<figure class=\"wp-block-image size-large\"><img loading=\"lazy\" decoding=\"async\" width=\"1200\" height=\"900\" src=\"https:\/\/tvtecjundiai.com.br\/news\/wp-content\/uploads\/sites\/2\/2021\/06\/photo5141124210805025058.jpg\" alt=\"\" class=\"wp-image-78101\" srcset=\"https:\/\/tvtecjundiai.com.br\/news\/wp-content\/uploads\/sites\/2\/2021\/06\/photo5141124210805025058.jpg 1200w, https:\/\/tvtecjundiai.com.br\/news\/wp-content\/uploads\/sites\/2\/2021\/06\/photo5141124210805025058-300x225.jpg 300w, https:\/\/tvtecjundiai.com.br\/news\/wp-content\/uploads\/sites\/2\/2021\/06\/photo5141124210805025058-768x576.jpg 768w\" sizes=\"auto, (max-width: 1200px) 100vw, 1200px\" \/><figcaption>Os cursos s\u00e3o voltados para as m\u00eddias sociais, al\u00e9m de empreendedorismo<\/figcaption><\/figure>\n\n\n\n<p>A Daiane foi uma das alunas que quase realizou todos os cursos da TVTEC. \u201cEu perdi a conta de quantos cursos eu fiz nos \u00faltimos tempos, mas em junho eu fiz o curso do Google Meu Neg\u00f3cio, TikTok e acabei de me inscrever no curso de entrevista com o M\u00e1rcio e estou muito ansiosa por isso\u201d, revela.<\/p>\n\n\n\n<p>A superintendente da TVTEC, M\u00f4nica Gropelo, explica como a TVTEC se tornou um instrumento multiplataforma. \u201cA TVTEC \u00e9, hoje, uma ferramenta de capacita\u00e7\u00e3o, forma\u00e7\u00e3o e oportunidades da Prefeitura de Jundia\u00ed, que desde 2017 vem oferecendo cursos gratuitos. Hoje, nossa plataforma \u00e9 h\u00edbrida, o que torna o alcance ainda maior e mais r\u00e1pido, al\u00e9m de reduzir custos operacionais\u201d.<\/p>\n\n\n\n<p>Al\u00e9m das aulas, a TVTEC tamb\u00e9m se tornou uma produtora p\u00fablica de v\u00eddeo-aulas. \u201cAl\u00e9m de incentivarmos a conectividade com a popula\u00e7\u00e3o por meio de nossas frentes\u201d, explica.<\/p>\n\n\n\n<p><em>(Texto\/Imagem: TVTEC)<\/em><\/p>\n","protected":false},"excerpt":{"rendered":"<p>Cursos online e gratuitos s\u00e3o ministrados desde janeiro e j\u00e1 formaram mais de 1.400 alunos <\/p>\n","protected":false},"author":28,"featured_media":72117,"comment_status":"closed","ping_status":"closed","sticky":false,"template":"","format":"standard","meta":{"footnotes":""},"categories":[1],"tags":[],"class_list":["post-78094","post","type-post","status-publish","format-standard","has-post-thumbnail","hentry","category-noticias"],"_links":{"self":[{"href":"https:\/\/tvtecjundiai.com.br\/news\/wp-json\/wp\/v2\/posts\/78094","targetHints":{"allow":["GET"]}}],"collection":[{"href":"https:\/\/tvtecjundiai.com.br\/news\/wp-json\/wp\/v2\/posts"}],"about":[{"href":"https:\/\/tvtecjundiai.com.br\/news\/wp-json\/wp\/v2\/types\/post"}],"author":[{"embeddable":true,"href":"https:\/\/tvtecjundiai.com.br\/news\/wp-json\/wp\/v2\/users\/28"}],"replies":[{"embeddable":true,"href":"https:\/\/tvtecjundiai.com.br\/news\/wp-json\/wp\/v2\/comments?post=78094"}],"version-history":[{"count":5,"href":"https:\/\/tvtecjundiai.com.br\/news\/wp-json\/wp\/v2\/posts\/78094\/revisions"}],"predecessor-version":[{"id":78124,"href":"https:\/\/tvtecjundiai.com.br\/news\/wp-json\/wp\/v2\/posts\/78094\/revisions\/78124"}],"wp:featuredmedia":[{"embeddable":true,"href":"https:\/\/tvtecjundiai.com.br\/news\/wp-json\/wp\/v2\/media\/72117"}],"wp:attachment":[{"href":"https:\/\/tvtecjundiai.com.br\/news\/wp-json\/wp\/v2\/media?parent=78094"}],"wp:term":[{"taxonomy":"category","embeddable":true,"href":"https:\/\/tvtecjundiai.com.br\/news\/wp-json\/wp\/v2\/categories?post=78094"},{"taxonomy":"post_tag","embeddable":true,"href":"https:\/\/tvtecjundiai.com.br\/news\/wp-json\/wp\/v2\/tags?post=78094"}],"curies":[{"name":"wp","href":"https:\/\/api.w.org\/{rel}","templated":true}]}}