{"id":78131,"date":"2021-06-24T12:41:07","date_gmt":"2021-06-24T15:41:07","guid":{"rendered":"https:\/\/tvtecjundiai.com.br\/news\/?p=78131"},"modified":"2021-06-24T13:58:56","modified_gmt":"2021-06-24T16:58:56","slug":"eua-irao-enviar-3-milhoes-de-doses-de-vacina-diretamente-ao-brasil-1","status":"publish","type":"post","link":"https:\/\/tvtecjundiai.com.br\/news\/2021\/06\/24\/eua-irao-enviar-3-milhoes-de-doses-de-vacina-diretamente-ao-brasil-1\/","title":{"rendered":"EUA ir\u00e3o enviar 3 milh\u00f5es de doses da Janssen diretamente ao Brasil"},"content":{"rendered":"\n<p>Os Estados Unidos ir\u00e3o doar diretamente 3 milh\u00f5es de doses de vacina da Janssen contra a COVID-19 ao Brasil, fora do mecanismo Covax. Elas ser\u00e3o enviadas na quinta-feira (24) do aeroporto de Fort Lauderdale, na Fl\u00f3rida, e chegar\u00e3o ao aeroporto de Viracopos, em Campinas.<\/p>\n\n\n\n<p>Este \u00e9 o maior n\u00famero de vacinas doadas pelos EUA para qualquer pa\u00eds at\u00e9 agora. O imunizante da Janssen, do grupo Johnson &amp; Johnson, \u00e9 aplicado em dose \u00fanica. Na ter\u00e7a-feira, um primeiro lote, com 1,5 milh\u00e3o de vacinas do tipo, compradas pelo governo brasileiro, chegaram ao pa\u00eds.<\/p>\n\n\n\n<p>O principal assessor do presidente Joe Biden para a Am\u00e9rica Latina, Juan Gonzales, afirmou que a doa\u00e7\u00e3o ao Brasil reflete o foco do governo para combater a COVID-19 numa das regi\u00f5es mais afetadas pela pandemia.<\/p>\n\n\n\n<p>Outra autoridade americana disse que existe uma grande preocupa\u00e7\u00e3o com a variante brasileira e com o alto n\u00famero de cont\u00e1gio no pa\u00eds.<\/p>\n\n\n\n<figure class=\"wp-block-image size-large\"><img loading=\"lazy\" decoding=\"async\" width=\"868\" height=\"644\" src=\"https:\/\/tvtecjundiai.com.br\/news\/wp-content\/uploads\/sites\/2\/2021\/06\/janssen-vacina-divulgacao-abr2021-868x644-1.jpeg\" alt=\"\" class=\"wp-image-77539\" srcset=\"https:\/\/tvtecjundiai.com.br\/news\/wp-content\/uploads\/sites\/2\/2021\/06\/janssen-vacina-divulgacao-abr2021-868x644-1.jpeg 868w, https:\/\/tvtecjundiai.com.br\/news\/wp-content\/uploads\/sites\/2\/2021\/06\/janssen-vacina-divulgacao-abr2021-868x644-1-300x223.jpeg 300w, https:\/\/tvtecjundiai.com.br\/news\/wp-content\/uploads\/sites\/2\/2021\/06\/janssen-vacina-divulgacao-abr2021-868x644-1-768x570.jpeg 768w\" sizes=\"auto, (max-width: 868px) 100vw, 868px\" \/><\/figure>\n\n\n\n<p><strong>55 milh\u00f5es de doses<\/strong><\/p>\n\n\n\n<p>Na segunda-feira (21), a Casa Branca havia apresentado um plano para compartilhar 55 milh\u00f5es de doses em todo o mundo, sendo que 14 milh\u00f5es estariam destinadas \u00e0 Am\u00e9rica Latina e ao Caribe \u2013 com o Brasil inclu\u00eddo.<\/p>\n\n\n\n<p>Cerca de 75% dessas doses ser\u00e3o distribu\u00eddas via Covax Facility, programa de compartilhamento de vacinas contra a COVID-19 coordenado pela OMS (Organiza\u00e7\u00e3o Mundial da Sa\u00fade) e destinado a pa\u00edses pobres. Os outros 25% ir\u00e3o para &#8220;prioridades regionais&#8221;.<\/p>\n\n\n\n<p>As doses fazem parte da promessa do presidente dos Estados Unidos, Joe Biden, de doar 80 milh\u00f5es de vacinas produzidas no pa\u00eds (60 milh\u00f5es de doses da AstraZeneca e mais 20 milh\u00f5es da Pfizer\/BioNTech, da Moderna e da Johnson &amp; Johnson).<\/p>\n\n\n\n<p>A distribui\u00e7\u00e3o das primeiras 25 milh\u00f5es de doses foi divulgada no in\u00edcio do m\u00eas \u2014 e tamb\u00e9m inclu\u00eda o Brasil. Dessa primeira remessa, seis milh\u00f5es de doses eram para Am\u00e9rica Latina e Caribe. Todas elas ser\u00e3o distribu\u00eddas at\u00e9 o fim deste m\u00eas, segundo o comunicado da Casa Branca.<\/p>\n\n\n\n<p><strong>Foco em um dos pa\u00edses mais afetados pela pandemia<\/strong><br>Gonzales afirmou que a doa\u00e7\u00e3o ao Brasil &#8220;reflete o foco do governo [dos EUA] no Hemisf\u00e9rio Ocidental como uma das regi\u00f5es mais afetadas pela pandemia&#8221;.<\/p>\n\n\n\n<p>&#8220;Estamos orgulhosos de poder fornecer essas vacinas seguras e eficazes para o povo do Brasil\u201d, disse ele. Outras pessoas com um cargo de chefia no governo dos EUA que n\u00e3o quiseram se identificar disseram que a doa\u00e7\u00e3o n\u00e3o foi feita para obter concess\u00f5es brasileiras em troca, mas com o \u00fanico prop\u00f3sito de salvar vidas.<\/p>\n\n\n\n<p>Segundo elas, equipes cient\u00edficas e autoridades legais dos dois pa\u00edses t\u00eam trabalho juntas para que os lotes cheguem rapidamente.<\/p>\n\n\n\n<p><strong>Mais meio bilh\u00e3o de vacinas<\/strong><br>Al\u00e9m de distribui\u00e7\u00e3o dessas 80 milh\u00f5es de doses, que j\u00e1 foram produzidas, os EUA anunciaram no dia 10 que v\u00e3o comprar e doar mais 500 milh\u00f5es de vacinas da Pfizer.<\/p>\n\n\n\n<p>Elas ser\u00e3o distribu\u00eddas a 92 pa\u00edses pobres, tamb\u00e9m pela Covax. Pa\u00edses como Afeganist\u00e3o, Angola e S\u00edria receber\u00e3o as doses at\u00e9 2022.<\/p>\n\n\n\n<p>O Brasil integra cons\u00f3rcio, mas n\u00e3o ser\u00e1 beneficiado por essas doses por ser considerado capaz de comprar as pr\u00f3prias vacinas.<\/p>\n\n\n\n<p><em>(Texto: G1\/Imagem: TVTEC)<\/em><\/p>\n","protected":false},"excerpt":{"rendered":"<p>Ser\u00e3o enviados imunizantes da Janssen, do grupo Johnson &amp; Johnson, que s\u00e3o aplicados em dose \u00fanica<\/p>\n","protected":false},"author":28,"featured_media":78142,"comment_status":"closed","ping_status":"closed","sticky":false,"template":"","format":"standard","meta":{"footnotes":""},"categories":[8356,1],"tags":[],"class_list":["post-78131","post","type-post","status-publish","format-standard","has-post-thumbnail","hentry","category-jundiai","category-noticias"],"_links":{"self":[{"href":"https:\/\/tvtecjundiai.com.br\/news\/wp-json\/wp\/v2\/posts\/78131","targetHints":{"allow":["GET"]}}],"collection":[{"href":"https:\/\/tvtecjundiai.com.br\/news\/wp-json\/wp\/v2\/posts"}],"about":[{"href":"https:\/\/tvtecjundiai.com.br\/news\/wp-json\/wp\/v2\/types\/post"}],"author":[{"embeddable":true,"href":"https:\/\/tvtecjundiai.com.br\/news\/wp-json\/wp\/v2\/users\/28"}],"replies":[{"embeddable":true,"href":"https:\/\/tvtecjundiai.com.br\/news\/wp-json\/wp\/v2\/comments?post=78131"}],"version-history":[{"count":3,"href":"https:\/\/tvtecjundiai.com.br\/news\/wp-json\/wp\/v2\/posts\/78131\/revisions"}],"predecessor-version":[{"id":78143,"href":"https:\/\/tvtecjundiai.com.br\/news\/wp-json\/wp\/v2\/posts\/78131\/revisions\/78143"}],"wp:featuredmedia":[{"embeddable":true,"href":"https:\/\/tvtecjundiai.com.br\/news\/wp-json\/wp\/v2\/media\/78142"}],"wp:attachment":[{"href":"https:\/\/tvtecjundiai.com.br\/news\/wp-json\/wp\/v2\/media?parent=78131"}],"wp:term":[{"taxonomy":"category","embeddable":true,"href":"https:\/\/tvtecjundiai.com.br\/news\/wp-json\/wp\/v2\/categories?post=78131"},{"taxonomy":"post_tag","embeddable":true,"href":"https:\/\/tvtecjundiai.com.br\/news\/wp-json\/wp\/v2\/tags?post=78131"}],"curies":[{"name":"wp","href":"https:\/\/api.w.org\/{rel}","templated":true}]}}