{"id":78138,"date":"2021-06-24T13:48:51","date_gmt":"2021-06-24T16:48:51","guid":{"rendered":"https:\/\/tvtecjundiai.com.br\/news\/?p=78138"},"modified":"2021-06-24T13:48:58","modified_gmt":"2021-06-24T16:48:58","slug":"modelo-inedito-de-gestao-de-jundiai-e-apresentado-em-livro-de-escolas-de-governo","status":"publish","type":"post","link":"https:\/\/tvtecjundiai.com.br\/news\/2021\/06\/24\/modelo-inedito-de-gestao-de-jundiai-e-apresentado-em-livro-de-escolas-de-governo\/","title":{"rendered":"Modelo in\u00e9dito de gest\u00e3o de Jundia\u00ed \u00e9 apresentado em livro de Escolas de Governo"},"content":{"rendered":"\n<p>O modelo inovador de gest\u00e3o p\u00fablica adotado em Jundia\u00ed, a partir de 2017, \u00e9 detalhado no livro \u201cEscolas de Governo \u2013 Forma\u00e7\u00e3o e Capacita\u00e7\u00e3o de Agentes P\u00fablicos, lan\u00e7ado nesta ter\u00e7a-feira (22) no III Semin\u00e1rio de Capacita\u00e7\u00e3o de Servidores P\u00fablicos, realizado virtualmente em parceria pela Oficina Municipal, Funda\u00e7\u00e3o Konrad Adenauer e Escola de Governo do Estado de S\u00e3o Paulo.<\/p>\n\n\n\n<p>A publica\u00e7\u00e3o re\u00fane artigos que tratam da import\u00e2ncia das Escolas de Governo e apresenta boas pr\u00e1ticas de gest\u00e3o nos n\u00edveis municipal, estadual e nacional. O gestor de Governo e Finan\u00e7as (UGGF), Jos\u00e9 Antonio Parimoschi, foi um dos gestores p\u00fablicos convidados a colaborar, e no cap\u00edtulo 6 discorre sobre a transforma\u00e7\u00e3o do modelo de gest\u00e3o p\u00fablica em Jundia\u00ed, que promoveu a reforma administrativa desenhada nos valores da austeridade, inova\u00e7\u00e3o, transpar\u00eancia, efici\u00eancia, efic\u00e1cia, entre outros.<\/p>\n\n\n\n<figure class=\"wp-block-image size-large\"><img loading=\"lazy\" decoding=\"async\" width=\"1200\" height=\"800\" src=\"https:\/\/tvtecjundiai.com.br\/news\/wp-content\/uploads\/sites\/2\/2021\/06\/livro-escola-de-gestao_c_-12-1200x800.jpg\" alt=\"\" class=\"wp-image-78140\" srcset=\"https:\/\/tvtecjundiai.com.br\/news\/wp-content\/uploads\/sites\/2\/2021\/06\/livro-escola-de-gestao_c_-12-1200x800.jpg 1200w, https:\/\/tvtecjundiai.com.br\/news\/wp-content\/uploads\/sites\/2\/2021\/06\/livro-escola-de-gestao_c_-12-300x200.jpg 300w, https:\/\/tvtecjundiai.com.br\/news\/wp-content\/uploads\/sites\/2\/2021\/06\/livro-escola-de-gestao_c_-12-768x512.jpg 768w, https:\/\/tvtecjundiai.com.br\/news\/wp-content\/uploads\/sites\/2\/2021\/06\/livro-escola-de-gestao_c_-12.jpg 1280w\" sizes=\"auto, (max-width: 1200px) 100vw, 1200px\" \/><figcaption>O livro est\u00e1 dispon\u00edvel em formato e-book<\/figcaption><\/figure>\n\n\n\n<p>Al\u00e9m de um hist\u00f3rico, Parimoschi apresenta ferramentas adotadas como o Observat\u00f3rio Jundia\u00ed, que disponibiliza dados para a popula\u00e7\u00e3o poder acompanhar as metas e os indicadores de desempenho do munic\u00edpio. Outro ponto relatado s\u00e3o os resultados alcan\u00e7ados pela cidade j\u00e1 nos primeiros 44 meses ap\u00f3s a reforma: Jundia\u00ed, por exemplo, \u00e9 a quarta melhor cidade do Estado e a 11\u00aa do Pa\u00eds no IDH (\u00cdndice de Desenvolvimento Humano). O munic\u00edpio tamb\u00e9m passou a integrar o ranking Conected Smart Cities e Mobilitly, em 2019, promovido pelo Urban Systems, como uma das dez cidades mais inteligentes e conectadas do Pa\u00eds.<\/p>\n\n\n\n<p>\u201cSeguimos as principais tend\u00eancias mundiais de reformas orientadas para potencializa\u00e7\u00e3o de resultados, comprovados por evid\u00eancias registradas por pa\u00edses e regi\u00f5es com altos n\u00edveis de bem-estar e desenvolvimento. Desde o in\u00edcio, o nosso objetivo foi pensar uma cidade que dialoga com as pessoas. Foi um desafio que contou com esfor\u00e7os coletivos e, hoje, a nossa proposta inovadora est\u00e1 consolidada. \u00c9 gratificante poder apresentar nesta importante publica\u00e7\u00e3o o nosso \u2018case\u2019, o nosso projeto de transforma\u00e7\u00e3o que faz Jundia\u00ed liderar v\u00e1rios rankings\u201d, ressalta o gestor.<\/p>\n\n\n\n<p>Para um dos organizadores do livro, Fernando de Souza Coelho, a obra contribui para mostrar boas pr\u00e1ticas relacionadas com treinamento e desenvolvimento, principalmente nas cidades. \u201cNo caso de Jundia\u00ed, destacada no cap\u00edtulo 6, \u00e9 poss\u00edvel verificar que a reestrutura\u00e7\u00e3o da prefeitura permitiu estreitar a rela\u00e7\u00e3o entre as \u00e1reas, gerando aprendizagem entre gestores e setores. \u201d<\/p>\n\n\n\n<p>O livro est\u00e1 dispon\u00edvel em formato de e-book, com acesso aberto no link:\u00a0<a rel=\"noreferrer noopener\" href=\"http:\/\/www5.each.usp.br\/wp-content\/uploads\/2021\/04\/Livro-Escolas-de-Governo.pdf\" target=\"_blank\">http:\/\/www5.each.usp.br\/wp-content\/uploads\/2021\/04\/Livro-Escolas-de-Governo.pdf<\/a><\/p>\n\n\n\n<p><em>(Texto\/Imagem: Prefeitura de Jundia\u00ed)<\/em><\/p>\n","protected":false},"excerpt":{"rendered":"<p>O modelo inovador de gest\u00e3o p\u00fablica adotado em Jundia\u00ed, a partir de 2017, \u00e9 detalhado em livro <\/p>\n","protected":false},"author":28,"featured_media":78140,"comment_status":"closed","ping_status":"closed","sticky":false,"template":"","format":"standard","meta":{"footnotes":""},"categories":[8356,1],"tags":[],"class_list":["post-78138","post","type-post","status-publish","format-standard","has-post-thumbnail","hentry","category-jundiai","category-noticias"],"_links":{"self":[{"href":"https:\/\/tvtecjundiai.com.br\/news\/wp-json\/wp\/v2\/posts\/78138","targetHints":{"allow":["GET"]}}],"collection":[{"href":"https:\/\/tvtecjundiai.com.br\/news\/wp-json\/wp\/v2\/posts"}],"about":[{"href":"https:\/\/tvtecjundiai.com.br\/news\/wp-json\/wp\/v2\/types\/post"}],"author":[{"embeddable":true,"href":"https:\/\/tvtecjundiai.com.br\/news\/wp-json\/wp\/v2\/users\/28"}],"replies":[{"embeddable":true,"href":"https:\/\/tvtecjundiai.com.br\/news\/wp-json\/wp\/v2\/comments?post=78138"}],"version-history":[{"count":1,"href":"https:\/\/tvtecjundiai.com.br\/news\/wp-json\/wp\/v2\/posts\/78138\/revisions"}],"predecessor-version":[{"id":78141,"href":"https:\/\/tvtecjundiai.com.br\/news\/wp-json\/wp\/v2\/posts\/78138\/revisions\/78141"}],"wp:featuredmedia":[{"embeddable":true,"href":"https:\/\/tvtecjundiai.com.br\/news\/wp-json\/wp\/v2\/media\/78140"}],"wp:attachment":[{"href":"https:\/\/tvtecjundiai.com.br\/news\/wp-json\/wp\/v2\/media?parent=78138"}],"wp:term":[{"taxonomy":"category","embeddable":true,"href":"https:\/\/tvtecjundiai.com.br\/news\/wp-json\/wp\/v2\/categories?post=78138"},{"taxonomy":"post_tag","embeddable":true,"href":"https:\/\/tvtecjundiai.com.br\/news\/wp-json\/wp\/v2\/tags?post=78138"}],"curies":[{"name":"wp","href":"https:\/\/api.w.org\/{rel}","templated":true}]}}