{"id":78144,"date":"2021-06-24T15:15:45","date_gmt":"2021-06-24T18:15:45","guid":{"rendered":"https:\/\/tvtecjundiai.com.br\/news\/?p=78144"},"modified":"2021-06-24T15:15:54","modified_gmt":"2021-06-24T18:15:54","slug":"hoje-e-dia-de-sao-joao-saiba-quem-foi-o-santo-e-as-curiosidades-da-festa-junina","status":"publish","type":"post","link":"https:\/\/tvtecjundiai.com.br\/news\/2021\/06\/24\/hoje-e-dia-de-sao-joao-saiba-quem-foi-o-santo-e-as-curiosidades-da-festa-junina\/","title":{"rendered":"Hoje \u00e9 Dia de S\u00e3o Jo\u00e3o! Saiba quem foi o santo e as curiosidades da Festa Junina"},"content":{"rendered":"\n<p>Estamos em junho, m\u00eas tradicional das comemora\u00e7\u00f5es das festas juninas. E nesta quinta-feira (24) comemoramos o dia de S\u00e3o Jo\u00e3o Batista, mas voc\u00ea sabe quem foi este santo? Jo\u00e3o Batista \u00e9, segundo a B\u00edblia, aquele que anunciou a vinda do Messias, Jesus Cristo. Jo\u00e3o Batista tamb\u00e9m seria primo de segundo grau de Jesus Cristo, j\u00e1 que a m\u00e3e de Jo\u00e3o, Isabel e a m\u00e3e de Jesus, Maria, seriam primas. Ele teria nascido no dia 24 de junho, por isso a comemora\u00e7\u00e3o a ele acontecer neste dia.<\/p>\n\n\n\n<p>Apesar do fundo de pano cat\u00f3lico atrelado \u00e0s festas juninas, a origem destas festas remonta \u00e0s comemora\u00e7\u00f5es pag\u00e3s. As festas eram ligadas \u00e0s colheitas e as homenagens aos deuses da fertilidade. Por volta do s\u00e9culo 12 ou 13, o catolicismo acabou se apropriando das comemora\u00e7\u00f5es e atribuiu a elas um car\u00e1ter religioso.<\/p>\n\n\n\n<p>Quando os portugueses chegaram ao Brasil, no per\u00edodo colonial, eles introduziram a festa na cultura do pa\u00eds. Era chamada de \u2018Festa Joanina\u2019, por conta de acontecer em junho e tamb\u00e9m pelo fato da celebra\u00e7\u00e3o a S\u00e3o Jo\u00e3o.<\/p>\n\n\n\n<figure class=\"wp-block-image size-large\"><img loading=\"lazy\" decoding=\"async\" width=\"1200\" height=\"848\" src=\"https:\/\/tvtecjundiai.com.br\/news\/wp-content\/uploads\/sites\/2\/2021\/06\/festajunina-1-1200x848.jpg\" alt=\"\" class=\"wp-image-78146\" srcset=\"https:\/\/tvtecjundiai.com.br\/news\/wp-content\/uploads\/sites\/2\/2021\/06\/festajunina-1-1200x848.jpg 1200w, https:\/\/tvtecjundiai.com.br\/news\/wp-content\/uploads\/sites\/2\/2021\/06\/festajunina-1-300x212.jpg 300w, https:\/\/tvtecjundiai.com.br\/news\/wp-content\/uploads\/sites\/2\/2021\/06\/festajunina-1-768x542.jpg 768w, https:\/\/tvtecjundiai.com.br\/news\/wp-content\/uploads\/sites\/2\/2021\/06\/festajunina-1.jpg 1280w\" sizes=\"auto, (max-width: 1200px) 100vw, 1200px\" \/><\/figure>\n\n\n\n<p>Os tr\u00eas santos cat\u00f3licos &#8211; S\u00e3o Jo\u00e3o, Santo Ant\u00f4nio e S\u00e3o Pedro &#8211; foram escolhidos para serem comemorados na festa junina porque eram os santos mais populares do m\u00eas de junho. Desde que foram introduzidas no Brasil, as festas juninas sofreram influ\u00eancias das culturas africanas e ind\u00edgenas.<\/p>\n\n\n\n<p>O milho \u00e9 um ingrediente importante nas comemora\u00e7\u00f5es, j\u00e1 que d\u00e1 origem a diversos pratos como curau e canjica. Outros pratos t\u00edpicos que fazem parte da comemora\u00e7\u00e3o s\u00e3o pipoca, cachorro-quente, pa\u00e7oca, p\u00e9 de moleque, vinho quente, arroz doce, cuscuz e muitos outros, que variam de regi\u00e3o a regi\u00e3o do Brasil.<\/p>\n\n\n\n<p>Al\u00e9m das comidas t\u00edpicas, as festas juninas s\u00e3o caracterizadas pelas quadrilhas, que tem origem nas dan\u00e7as de sal\u00e3o da Fran\u00e7a, os bal\u00f5es e as fogueiras. Tradicionalmente, a soltura de bal\u00f5es indica o in\u00edcio das comemora\u00e7\u00f5es, al\u00e9m disso, a fogueira\u00a0tamb\u00e9m faz parte do cen\u00e1rio da festa. De origem pag\u00e3, ela simboliza a prote\u00e7\u00e3o contra os maus esp\u00edritos.<\/p>\n\n\n\n<p>Os cat\u00f3licos decidiram manter a tradi\u00e7\u00e3o e dedicaram uma forma de fogueira diferente para cada santo: a quadrada \u00e9 de Santo Ant\u00f4nio; a redonda de S\u00e3o Jo\u00e3o; e a triangular de S\u00e3o Pedro.<\/p>\n\n\n\n<p><em>(Texto: TVTEC\/Imagem: Pixabay)<\/em><\/p>\n","protected":false},"excerpt":{"rendered":"<p>Car\u00e1ter religioso da festa foi introduzido pelos cat\u00f3licos entre os s\u00e9culos 12 e 13<\/p>\n","protected":false},"author":28,"featured_media":78145,"comment_status":"closed","ping_status":"closed","sticky":false,"template":"","format":"standard","meta":{"footnotes":""},"categories":[8356,1],"tags":[],"class_list":["post-78144","post","type-post","status-publish","format-standard","has-post-thumbnail","hentry","category-jundiai","category-noticias"],"_links":{"self":[{"href":"https:\/\/tvtecjundiai.com.br\/news\/wp-json\/wp\/v2\/posts\/78144","targetHints":{"allow":["GET"]}}],"collection":[{"href":"https:\/\/tvtecjundiai.com.br\/news\/wp-json\/wp\/v2\/posts"}],"about":[{"href":"https:\/\/tvtecjundiai.com.br\/news\/wp-json\/wp\/v2\/types\/post"}],"author":[{"embeddable":true,"href":"https:\/\/tvtecjundiai.com.br\/news\/wp-json\/wp\/v2\/users\/28"}],"replies":[{"embeddable":true,"href":"https:\/\/tvtecjundiai.com.br\/news\/wp-json\/wp\/v2\/comments?post=78144"}],"version-history":[{"count":1,"href":"https:\/\/tvtecjundiai.com.br\/news\/wp-json\/wp\/v2\/posts\/78144\/revisions"}],"predecessor-version":[{"id":78147,"href":"https:\/\/tvtecjundiai.com.br\/news\/wp-json\/wp\/v2\/posts\/78144\/revisions\/78147"}],"wp:featuredmedia":[{"embeddable":true,"href":"https:\/\/tvtecjundiai.com.br\/news\/wp-json\/wp\/v2\/media\/78145"}],"wp:attachment":[{"href":"https:\/\/tvtecjundiai.com.br\/news\/wp-json\/wp\/v2\/media?parent=78144"}],"wp:term":[{"taxonomy":"category","embeddable":true,"href":"https:\/\/tvtecjundiai.com.br\/news\/wp-json\/wp\/v2\/categories?post=78144"},{"taxonomy":"post_tag","embeddable":true,"href":"https:\/\/tvtecjundiai.com.br\/news\/wp-json\/wp\/v2\/tags?post=78144"}],"curies":[{"name":"wp","href":"https:\/\/api.w.org\/{rel}","templated":true}]}}