{"id":78150,"date":"2021-06-24T16:19:28","date_gmt":"2021-06-24T19:19:28","guid":{"rendered":"https:\/\/tvtecjundiai.com.br\/news\/?p=78150"},"modified":"2021-06-24T16:19:32","modified_gmt":"2021-06-24T19:19:32","slug":"jundiai-abre-nova-agenda-para-47-a-59-anos-para-vacinacao-contra-covid-19","status":"publish","type":"post","link":"https:\/\/tvtecjundiai.com.br\/news\/2021\/06\/24\/jundiai-abre-nova-agenda-para-47-a-59-anos-para-vacinacao-contra-covid-19\/","title":{"rendered":"Jundia\u00ed abre nova agenda para 47 a 59 anos para vacina\u00e7\u00e3o contra COVID-19"},"content":{"rendered":"\n<p>Jundia\u00ed far\u00e1 a retirada da 34\u00aa grade de vacinas contra a COVID-19, em Campinas, nesta sexta-feira (25), com 5.850 doses destinadas para pessoas com 47 a 59 anos. O agendamento ser\u00e1 aberto no mesmo dia (sexta-feira), \u00e0s 16h, para aplica\u00e7\u00e3o no s\u00e1bado (26) em postos estrat\u00e9gicos e Unidades B\u00e1sicas de Sa\u00fade (UBSs). No dia da vacina\u00e7\u00e3o, a pessoa pode colaborar com a Campanha Vacina\u00e7\u00e3o Solid\u00e1ria, com a doa\u00e7\u00e3o de alimentos n\u00e3o perec\u00edveis destinados ao Fundo Social de Solidariedade (Funss) que ser\u00e3o encaminhados para as fam\u00edlias em situa\u00e7\u00e3o de vulnerabilidade.<\/p>\n\n\n\n<p>Para a recep\u00e7\u00e3o da dose, o agendado deve apresentar documento de identifica\u00e7\u00e3o com foto, CPF e comprovante de resid\u00eancia com endere\u00e7o de Jundia\u00ed atualizado (\u00faltimos seis meses), em nome do mun\u00edcipe a ser vacinado. Em caso de comprovante de endere\u00e7o em nome de outra pessoa (pai, m\u00e3e e outros), o titular do endere\u00e7o deve fazer uma declara\u00e7\u00e3o descrevendo que o usu\u00e1rio a ser vacinado reside no endere\u00e7o descrito no comprovante apresentado, que deve ser detalhado na declara\u00e7\u00e3o, sendo est\u00e1 assinada pelo titular do endere\u00e7o. O comprovante ser\u00e1 retido no local de vacina\u00e7\u00e3o.<\/p>\n\n\n\n<figure class=\"wp-block-image size-large\"><img loading=\"lazy\" decoding=\"async\" width=\"960\" height=\"641\" src=\"https:\/\/tvtecjundiai.com.br\/news\/wp-content\/uploads\/sites\/2\/2021\/06\/agendamento.jpeg\" alt=\"\" class=\"wp-image-78151\" srcset=\"https:\/\/tvtecjundiai.com.br\/news\/wp-content\/uploads\/sites\/2\/2021\/06\/agendamento.jpeg 960w, https:\/\/tvtecjundiai.com.br\/news\/wp-content\/uploads\/sites\/2\/2021\/06\/agendamento-300x200.jpeg 300w, https:\/\/tvtecjundiai.com.br\/news\/wp-content\/uploads\/sites\/2\/2021\/06\/agendamento-768x513.jpeg 768w\" sizes=\"auto, (max-width: 960px) 100vw, 960px\" \/><figcaption>Vacina\u00e7\u00e3o para as agendas realizadas nesta sexta-feira (25), acontece no s\u00e1bado (26) em postos estrat\u00e9gicos e UBSs<\/figcaption><\/figure>\n\n\n\n<p>Essencial que a pessoa fa\u00e7a o cadastro das informa\u00e7\u00f5es pessoais no site VacinaJ\u00e1, do Governo do Estado de S\u00e3o Paulo, o quanto antes, para agilizar o atendimento no dia da aplica\u00e7\u00e3o. \u201cN\u00e3o deixe para fazer no dia da vacina\u00e7\u00e3o, pois a atualiza\u00e7\u00e3o do banco de dados estadual n\u00e3o \u00e9 imediata, o que acarreta atraso na hora da aplica\u00e7\u00e3o nos postos\u201d, detalha a diretora de Aten\u00e7\u00e3o B\u00e1sica da UGPS, Andrea Pinto de Souza.<\/p>\n\n\n\n<p><em>(Texto: Prefeitura de Jundia\u00ed\/Imagem: TVTEC)<\/em><\/p>\n","protected":false},"excerpt":{"rendered":"<p>O agendamento ser\u00e1 aberto na sexta-feira (25), \u00e0s 16h, para aplica\u00e7\u00e3o no s\u00e1bado (26) <\/p>\n","protected":false},"author":28,"featured_media":78151,"comment_status":"closed","ping_status":"closed","sticky":false,"template":"","format":"standard","meta":{"footnotes":""},"categories":[8356,1],"tags":[],"class_list":["post-78150","post","type-post","status-publish","format-standard","has-post-thumbnail","hentry","category-jundiai","category-noticias"],"_links":{"self":[{"href":"https:\/\/tvtecjundiai.com.br\/news\/wp-json\/wp\/v2\/posts\/78150","targetHints":{"allow":["GET"]}}],"collection":[{"href":"https:\/\/tvtecjundiai.com.br\/news\/wp-json\/wp\/v2\/posts"}],"about":[{"href":"https:\/\/tvtecjundiai.com.br\/news\/wp-json\/wp\/v2\/types\/post"}],"author":[{"embeddable":true,"href":"https:\/\/tvtecjundiai.com.br\/news\/wp-json\/wp\/v2\/users\/28"}],"replies":[{"embeddable":true,"href":"https:\/\/tvtecjundiai.com.br\/news\/wp-json\/wp\/v2\/comments?post=78150"}],"version-history":[{"count":1,"href":"https:\/\/tvtecjundiai.com.br\/news\/wp-json\/wp\/v2\/posts\/78150\/revisions"}],"predecessor-version":[{"id":78152,"href":"https:\/\/tvtecjundiai.com.br\/news\/wp-json\/wp\/v2\/posts\/78150\/revisions\/78152"}],"wp:featuredmedia":[{"embeddable":true,"href":"https:\/\/tvtecjundiai.com.br\/news\/wp-json\/wp\/v2\/media\/78151"}],"wp:attachment":[{"href":"https:\/\/tvtecjundiai.com.br\/news\/wp-json\/wp\/v2\/media?parent=78150"}],"wp:term":[{"taxonomy":"category","embeddable":true,"href":"https:\/\/tvtecjundiai.com.br\/news\/wp-json\/wp\/v2\/categories?post=78150"},{"taxonomy":"post_tag","embeddable":true,"href":"https:\/\/tvtecjundiai.com.br\/news\/wp-json\/wp\/v2\/tags?post=78150"}],"curies":[{"name":"wp","href":"https:\/\/api.w.org\/{rel}","templated":true}]}}