{"id":78158,"date":"2021-06-24T16:33:18","date_gmt":"2021-06-24T19:33:18","guid":{"rendered":"https:\/\/tvtecjundiai.com.br\/news\/?p=78158"},"modified":"2021-06-24T17:23:02","modified_gmt":"2021-06-24T20:23:02","slug":"jundiai-supera-210-mil-doses-aplicadas-mas-ha-grupos-que-ainda-nao-buscaram-pela-dose","status":"publish","type":"post","link":"https:\/\/tvtecjundiai.com.br\/news\/2021\/06\/24\/jundiai-supera-210-mil-doses-aplicadas-mas-ha-grupos-que-ainda-nao-buscaram-pela-dose\/","title":{"rendered":"Jundia\u00ed supera 220 mil doses aplicadas, mas h\u00e1 grupos que ainda n\u00e3o buscaram pela dose"},"content":{"rendered":"\n<p>A Prefeitura de Jundia\u00ed inicia nesta semana, nova a\u00e7\u00e3o de conscientiza\u00e7\u00e3o para a vacina\u00e7\u00e3o, com o tema \u201cJundia\u00ed unida pela Vacina\u201d, com o envolvimento da sociedade, em todas as idades. Apesar de n\u00famero expressivo na contagem de doses \u2013 mais de 221 mil doses -, h\u00e1 grupos que j\u00e1 tiveram a aplica\u00e7\u00e3o liberada e, mesmo assim, parcela dessa popula\u00e7\u00e3o resiste \u00e0 busca da dose.<\/p>\n\n\n\n<p>Como as vacinas contra a COVID-19 aprovadas pela Anvisa foram validadas apenas para pessoas com 18 anos ou mais, Jundia\u00ed contabiliza cerca de 340 mil moradores para serem imunizados contra a doen\u00e7a. At\u00e9 o dia 23 de junho, de acordo com dados da Vigil\u00e2ncia Epidemiol\u00f3gica (VE) da Prefeitura de Jundia\u00ed, 159.603 haviam recebido a primeira dose de alguma das vacinas disponibilizadas pelos Planos Nacional de Imuniza\u00e7\u00e3o (PNI) e Estadual de Imuniza\u00e7\u00e3o (PEI), o que corresponde a 46,9% da popula\u00e7\u00e3o com mais de 18 anos com metade do caminho do enfrentamento \u00e0 COVID-19 percorrido. As demais 56.572 pessoas receberam a segunda dose.<\/p>\n\n\n\n<figure class=\"wp-block-image size-large\"><img loading=\"lazy\" decoding=\"async\" width=\"1200\" height=\"800\" src=\"https:\/\/tvtecjundiai.com.br\/news\/wp-content\/uploads\/sites\/2\/2021\/06\/vacinacao-covid-49-ubs-corrupira-25-1200x800.jpg\" alt=\"\" class=\"wp-image-78159\" srcset=\"https:\/\/tvtecjundiai.com.br\/news\/wp-content\/uploads\/sites\/2\/2021\/06\/vacinacao-covid-49-ubs-corrupira-25-1200x800.jpg 1200w, https:\/\/tvtecjundiai.com.br\/news\/wp-content\/uploads\/sites\/2\/2021\/06\/vacinacao-covid-49-ubs-corrupira-25-300x200.jpg 300w, https:\/\/tvtecjundiai.com.br\/news\/wp-content\/uploads\/sites\/2\/2021\/06\/vacinacao-covid-49-ubs-corrupira-25-768x512.jpg 768w, https:\/\/tvtecjundiai.com.br\/news\/wp-content\/uploads\/sites\/2\/2021\/06\/vacinacao-covid-49-ubs-corrupira-25.jpg 1280w\" sizes=\"auto, (max-width: 1200px) 100vw, 1200px\" \/><figcaption>Vacina\u00e7\u00e3o est\u00e1 sendo realizada em Jundia\u00ed para pessoas com 49 anos ou mais, al\u00e9m dos demais grupos j\u00e1 determinados pelo Plano Estadual de Imuniza\u00e7\u00e3o (PEI)<\/figcaption><\/figure>\n\n\n\n<p>Cerca de 200 pessoas com mais de 60 anos ainda n\u00e3o agendaram a aplica\u00e7\u00e3o da primeira dose da vacina contra o Novo Coronav\u00edrus. Na segunda dose \u2013 essencial para a completa imuniza\u00e7\u00e3o exigida pelos laborat\u00f3rios fabricantes \u2013 pouco mais de 1 mil ainda persiste em n\u00e3o completar a vacina\u00e7\u00e3o contra a doen\u00e7a.<\/p>\n\n\n\n<p>\u201cQuem resiste \u00e0 aplica\u00e7\u00e3o da vacina n\u00e3o est\u00e1 somente se expondo ao risco de contrair a doen\u00e7a, ocupar um leito de hospital ou ir a \u00f3bito, como est\u00e1 colaborando com o v\u00edrus, facilitando a sua circula\u00e7\u00e3o e colocando em risco pessoas que s\u00e3o mais vulner\u00e1veis como parentes e os filhos, que ainda n\u00e3o est\u00e3o liberados para receber a vacina\u201d, alerta do gestor da Unidade de Gest\u00e3o de Promo\u00e7\u00e3o de Sa\u00fade (UGPS), Tiago Texera.<\/p>\n\n\n\n<p>Avan\u00e7ar com a imuniza\u00e7\u00e3o \u00e9 a meta da gest\u00e3o. \u201cJundia\u00ed conta com toda a estrutura necess\u00e1ria para a oferta da vacina\u00e7\u00e3o, seja com armazenagem e log\u00edstica ou com equipe qualificada para o atendimento \u00e0 popula\u00e7\u00e3o. Com a disponibiliza\u00e7\u00e3o de doses, o Munic\u00edpio consegue aplicar at\u00e9 10 mil doses em um dia\u201d, comenta o prefeito Luiz Fernando Machado.<\/p>\n\n\n\n<p><em>(Texto\/Imagem: Prefeitura de Jundia\u00ed)<\/em><\/p>\n","protected":false},"excerpt":{"rendered":"<p>A Prefeitura inicia nesta semana, nova a\u00e7\u00e3o de conscientiza\u00e7\u00e3o com o tema \u201cJundia\u00ed unida pela Vacina<\/p>\n","protected":false},"author":28,"featured_media":78159,"comment_status":"closed","ping_status":"closed","sticky":false,"template":"","format":"standard","meta":{"footnotes":""},"categories":[8356,1],"tags":[],"class_list":["post-78158","post","type-post","status-publish","format-standard","has-post-thumbnail","hentry","category-jundiai","category-noticias"],"_links":{"self":[{"href":"https:\/\/tvtecjundiai.com.br\/news\/wp-json\/wp\/v2\/posts\/78158","targetHints":{"allow":["GET"]}}],"collection":[{"href":"https:\/\/tvtecjundiai.com.br\/news\/wp-json\/wp\/v2\/posts"}],"about":[{"href":"https:\/\/tvtecjundiai.com.br\/news\/wp-json\/wp\/v2\/types\/post"}],"author":[{"embeddable":true,"href":"https:\/\/tvtecjundiai.com.br\/news\/wp-json\/wp\/v2\/users\/28"}],"replies":[{"embeddable":true,"href":"https:\/\/tvtecjundiai.com.br\/news\/wp-json\/wp\/v2\/comments?post=78158"}],"version-history":[{"count":4,"href":"https:\/\/tvtecjundiai.com.br\/news\/wp-json\/wp\/v2\/posts\/78158\/revisions"}],"predecessor-version":[{"id":78172,"href":"https:\/\/tvtecjundiai.com.br\/news\/wp-json\/wp\/v2\/posts\/78158\/revisions\/78172"}],"wp:featuredmedia":[{"embeddable":true,"href":"https:\/\/tvtecjundiai.com.br\/news\/wp-json\/wp\/v2\/media\/78159"}],"wp:attachment":[{"href":"https:\/\/tvtecjundiai.com.br\/news\/wp-json\/wp\/v2\/media?parent=78158"}],"wp:term":[{"taxonomy":"category","embeddable":true,"href":"https:\/\/tvtecjundiai.com.br\/news\/wp-json\/wp\/v2\/categories?post=78158"},{"taxonomy":"post_tag","embeddable":true,"href":"https:\/\/tvtecjundiai.com.br\/news\/wp-json\/wp\/v2\/tags?post=78158"}],"curies":[{"name":"wp","href":"https:\/\/api.w.org\/{rel}","templated":true}]}}