{"id":78162,"date":"2021-06-24T16:48:27","date_gmt":"2021-06-24T19:48:27","guid":{"rendered":"https:\/\/tvtecjundiai.com.br\/news\/?p=78162"},"modified":"2021-06-24T16:49:23","modified_gmt":"2021-06-24T19:49:23","slug":"oito-obitos-sao-registrados-por-covid-19-nesta-quinta-feira-24-em-jundiai","status":"publish","type":"post","link":"https:\/\/tvtecjundiai.com.br\/news\/2021\/06\/24\/oito-obitos-sao-registrados-por-covid-19-nesta-quinta-feira-24-em-jundiai\/","title":{"rendered":"Oito \u00f3bitos s\u00e3o registrados por COVID-19 nesta quinta-feira (24) em Jundia\u00ed"},"content":{"rendered":"\n<p>A Prefeitura de Jundia\u00ed informa que, nesta quinta-feira (24), oito \u00f3bitos foram contabilizados de residentes na cidade causados pelo Novo Coronav\u00edrus.<\/p>\n\n\n\n<p>Homem, 45 anos, sem comorbidades registradas. Internou 06\/06 e faleceu 24\/06 no hospital S\u00e3o Vicente.<\/p>\n\n\n\n<p>Homem, 37 anos, obeso. Internou 14\/06 e faleceu 23\/06 em hospital privado da cidade.<\/p>\n\n\n\n<p>Homem, 47 anos, diab\u00e9tico. Internou 03\/06 e faleceu 23\/06 em hospital privado da cidade.<\/p>\n\n\n\n<p>Homem, 63 anos, diab\u00e9tico. Internou 20\/06 e faleceu 23\/06 no hospital S\u00e3o Vicente.<\/p>\n\n\n\n<p>Homem, 50 anos, com S\u00edndrome de Down. Internou 18\/06 e faleceu 24\/06 no hospital S\u00e3o Vicente.<\/p>\n\n\n\n<p>Homem, 75 anos, sem comorbidades registradas. Internou 21\/06 e faleceu 23\/06 no hospital S\u00e3o Vicente.<\/p>\n\n\n\n<p>Homem, 81 anos, diab\u00e9tico. Internou 20\/06 e faleceu 24\/06 no hospital S\u00e3o Vicente.<\/p>\n\n\n\n<p>Mulher, 71 anos, sem comorbidades registradas. Internou 10\/06 e faleceu 24\/06 no hospital S\u00e3o Vicente.<\/p>\n\n\n\n<p>At\u00e9 o momento, a cidade registra 1360 \u00f3bitos causados pela COVID-19 desde o in\u00edcio da pandemia.<\/p>\n\n\n\n<figure class=\"wp-block-image size-large\"><img loading=\"lazy\" decoding=\"async\" width=\"960\" height=\"960\" src=\"https:\/\/tvtecjundiai.com.br\/news\/wp-content\/uploads\/sites\/2\/2021\/06\/slide1-19-1-960x960.png\" alt=\"\" class=\"wp-image-78165\" srcset=\"https:\/\/tvtecjundiai.com.br\/news\/wp-content\/uploads\/sites\/2\/2021\/06\/slide1-19-1-960x960.png 960w, https:\/\/tvtecjundiai.com.br\/news\/wp-content\/uploads\/sites\/2\/2021\/06\/slide1-19-1-300x300.png 300w, https:\/\/tvtecjundiai.com.br\/news\/wp-content\/uploads\/sites\/2\/2021\/06\/slide1-19-1-100x100.png 100w, https:\/\/tvtecjundiai.com.br\/news\/wp-content\/uploads\/sites\/2\/2021\/06\/slide1-19-1-768x768.png 768w, https:\/\/tvtecjundiai.com.br\/news\/wp-content\/uploads\/sites\/2\/2021\/06\/slide1-19-1.png 1280w\" sizes=\"auto, (max-width: 960px) 100vw, 960px\" \/><\/figure>\n\n\n\n<figure class=\"wp-block-image size-large\"><img loading=\"lazy\" decoding=\"async\" width=\"960\" height=\"960\" src=\"https:\/\/tvtecjundiai.com.br\/news\/wp-content\/uploads\/sites\/2\/2021\/06\/artecerta-960x960.jpeg\" alt=\"\" class=\"wp-image-78168\" srcset=\"https:\/\/tvtecjundiai.com.br\/news\/wp-content\/uploads\/sites\/2\/2021\/06\/artecerta-960x960.jpeg 960w, https:\/\/tvtecjundiai.com.br\/news\/wp-content\/uploads\/sites\/2\/2021\/06\/artecerta-300x300.jpeg 300w, https:\/\/tvtecjundiai.com.br\/news\/wp-content\/uploads\/sites\/2\/2021\/06\/artecerta-100x100.jpeg 100w, https:\/\/tvtecjundiai.com.br\/news\/wp-content\/uploads\/sites\/2\/2021\/06\/artecerta-768x768.jpeg 768w, https:\/\/tvtecjundiai.com.br\/news\/wp-content\/uploads\/sites\/2\/2021\/06\/artecerta.jpeg 1280w\" sizes=\"auto, (max-width: 960px) 100vw, 960px\" \/><\/figure>\n\n\n\n<p><em>(Texto\/Imagem: Prefeitura de Jundia\u00ed)<\/em><\/p>\n","protected":false},"excerpt":{"rendered":"<p>At\u00e9 o momento, a cidade registra 1360 \u00f3bitos causados pela COVID-19 desde o in\u00edcio da pandemia<\/p>\n","protected":false},"author":28,"featured_media":69977,"comment_status":"closed","ping_status":"closed","sticky":false,"template":"","format":"standard","meta":{"footnotes":""},"categories":[8356,1],"tags":[],"class_list":["post-78162","post","type-post","status-publish","format-standard","has-post-thumbnail","hentry","category-jundiai","category-noticias"],"_links":{"self":[{"href":"https:\/\/tvtecjundiai.com.br\/news\/wp-json\/wp\/v2\/posts\/78162","targetHints":{"allow":["GET"]}}],"collection":[{"href":"https:\/\/tvtecjundiai.com.br\/news\/wp-json\/wp\/v2\/posts"}],"about":[{"href":"https:\/\/tvtecjundiai.com.br\/news\/wp-json\/wp\/v2\/types\/post"}],"author":[{"embeddable":true,"href":"https:\/\/tvtecjundiai.com.br\/news\/wp-json\/wp\/v2\/users\/28"}],"replies":[{"embeddable":true,"href":"https:\/\/tvtecjundiai.com.br\/news\/wp-json\/wp\/v2\/comments?post=78162"}],"version-history":[{"count":2,"href":"https:\/\/tvtecjundiai.com.br\/news\/wp-json\/wp\/v2\/posts\/78162\/revisions"}],"predecessor-version":[{"id":78169,"href":"https:\/\/tvtecjundiai.com.br\/news\/wp-json\/wp\/v2\/posts\/78162\/revisions\/78169"}],"wp:featuredmedia":[{"embeddable":true,"href":"https:\/\/tvtecjundiai.com.br\/news\/wp-json\/wp\/v2\/media\/69977"}],"wp:attachment":[{"href":"https:\/\/tvtecjundiai.com.br\/news\/wp-json\/wp\/v2\/media?parent=78162"}],"wp:term":[{"taxonomy":"category","embeddable":true,"href":"https:\/\/tvtecjundiai.com.br\/news\/wp-json\/wp\/v2\/categories?post=78162"},{"taxonomy":"post_tag","embeddable":true,"href":"https:\/\/tvtecjundiai.com.br\/news\/wp-json\/wp\/v2\/tags?post=78162"}],"curies":[{"name":"wp","href":"https:\/\/api.w.org\/{rel}","templated":true}]}}