{"id":78174,"date":"2021-06-24T17:17:17","date_gmt":"2021-06-24T20:17:17","guid":{"rendered":"https:\/\/tvtecjundiai.com.br\/news\/?p=78174"},"modified":"2021-06-24T17:17:23","modified_gmt":"2021-06-24T20:17:23","slug":"jundiai-inicia-capacitacoes-para-a-operacao-estiagem","status":"publish","type":"post","link":"https:\/\/tvtecjundiai.com.br\/news\/2021\/06\/24\/jundiai-inicia-capacitacoes-para-a-operacao-estiagem\/","title":{"rendered":"Jundia\u00ed inicia capacita\u00e7\u00f5es para a Opera\u00e7\u00e3o Estiagem"},"content":{"rendered":"\n<p>Jundia\u00ed iniciou, neste m\u00eas de junho, a s\u00e9rie de capacita\u00e7\u00f5es para forma\u00e7\u00e3o de brigadistas pela Opera\u00e7\u00e3o Estiagem de 2021 e seu respectivo Plano de Conting\u00eancia Municipal. Os treinamentos, organizados pela Defesa Civil, Corpo de Bombeiros, Guarda Municipal\/ Divis\u00e3o Florestal e Unidade de Gest\u00e3o de Planejamento Urbano e Meio Ambiente (UGPUMA), com o apoio da Funda\u00e7\u00e3o Ant\u00f4nio Antonieta Cintra Gordinho (FAACG), acontecem \u00e0s ter\u00e7as e \u00e0s quintas-feiras deste m\u00eas de junho, no per\u00edodo da manh\u00e3, como objetivo de proporcionar forma\u00e7\u00e3o te\u00f3rica e pr\u00e1tica de brigadistas para a colabora\u00e7\u00e3o durante as ocorr\u00eancias de inc\u00eandios em vegeta\u00e7\u00e3o.<\/p>\n\n\n\n<p>Dentre os conte\u00fados te\u00f3ricos do curso, a Defesa Civil detalha os principais aspectos do \u201cPlano de Conting\u00eancia de Estiagem no Munic\u00edpio de Jundia\u00ed\u201d, aprovado pelo Decreto n\u00ba 29.635 de 14\/01\/2021, abordando tamb\u00e9m como \u00e9 realizado o monitoramento clim\u00e1tico (umidade relativa do ar, temperatura, velocidade do vento e \u00edndice de chuvas) utilizado para a elabora\u00e7\u00e3o do Boletim Meteorol\u00f3gico expedido semanalmente, as segundas e quintas-feiras. O \u00f3rg\u00e3o tamb\u00e9m demonstra a forma para a popula\u00e7\u00e3o comunicar\/denunciar a ocorr\u00eancia de queimadas pelos canais da Prefeitura, com \u00eanfase na utiliza\u00e7\u00e3o do APP.<\/p>\n\n\n\n<p>Ainda na parte te\u00f3rica das capacita\u00e7\u00f5es, a Unida de Gest\u00e3o de Planejamento Urbano e Meio Ambiente (UGPUMA) aborda sobre a Lei Municipal n\u00ba 8.858, de 07\/11\/2017, que disp\u00f5e sobre a proibi\u00e7\u00e3o de queimadas, regula a repara\u00e7\u00e3o do dano ambiental e cria a Comiss\u00e3o T\u00e9cnica Permanente. Pela Divis\u00e3o Florestal da Guarda Municipal, a atua\u00e7\u00e3o do \u00f3rg\u00e3o na preven\u00e7\u00e3o e combate dos inc\u00eandios em vegeta\u00e7\u00e3o, especialmente na \u00e1rea da Serra do Japi, um patrim\u00f4nio natural considerado \u201cReserva da Biosfera da Mata Atl\u00e2ntica\u201d pela Unesco. Finalizando a etapa de apresenta\u00e7\u00f5es do curso, o Corpo de Bombeiros Militar aprofunda na tem\u00e1tica da caracteriza\u00e7\u00e3o e metodologia de combate \u00e0s queimadas, demonstrando conceitos te\u00f3ricos e operacionais a serem adotados durante as ocorr\u00eancias.<\/p>\n\n\n\n<figure class=\"wp-block-image size-large\"><img loading=\"lazy\" decoding=\"async\" width=\"1024\" height=\"768\" src=\"https:\/\/tvtecjundiai.com.br\/news\/wp-content\/uploads\/sites\/2\/2021\/06\/defesa1.jpeg\" alt=\"\" class=\"wp-image-78175\" srcset=\"https:\/\/tvtecjundiai.com.br\/news\/wp-content\/uploads\/sites\/2\/2021\/06\/defesa1.jpeg 1024w, https:\/\/tvtecjundiai.com.br\/news\/wp-content\/uploads\/sites\/2\/2021\/06\/defesa1-300x225.jpeg 300w, https:\/\/tvtecjundiai.com.br\/news\/wp-content\/uploads\/sites\/2\/2021\/06\/defesa1-768x576.jpeg 768w\" sizes=\"auto, (max-width: 1024px) 100vw, 1024px\" \/><figcaption>Defesa Civil e demais unidades e \u00f3rg\u00e3os integrantes da Opera\u00e7\u00e3o Estiagem em curso de forma\u00e7\u00e3o de brigadista<\/figcaption><\/figure>\n\n\n\n<p>O treinamento pr\u00e1tico \u00e9 ministrado pelo Corpo de Bombeiros e a atividade consiste em simular a ocorr\u00eancia de uma queimada em vegeta\u00e7\u00e3o, na qual os brigadistas, devidamente equipados, utilizam-se de materiais apropriados (abafador, bomba costal, dentre outros) para promover a extin\u00e7\u00e3o do fogo, conforme absorvido durante o conte\u00fado te\u00f3rico. Ao final da sequ\u00eancia de capacita\u00e7\u00f5es, os participantes receber\u00e3o os certificados de conclus\u00e3o do treinamento, bem como a respectiva foto do grupo.<\/p>\n\n\n\n<p>Visando fomentar as a\u00e7\u00f5es preventivas voltadas \u00e0 mitiga\u00e7\u00e3o da ocorr\u00eancia de queimadas no munic\u00edpio de Jundia\u00ed, a Defesa Civil ir\u00e1 iniciar, ainda neste m\u00eas de junho, a proposta de realizar as vistorias em propriedades rurais e urbanas com as maiores ocorr\u00eancias de inc\u00eandio, visando instru\u00e7\u00e3o e eventuais adequa\u00e7\u00f5es necess\u00e1rias a serem transmitidas ao propriet\u00e1rio do im\u00f3vel.<\/p>\n\n\n\n<p><strong>Opera\u00e7\u00e3o Estiagem 2021<br><\/strong>Com dura\u00e7\u00e3o entre 01 de maio e 30 de setembro, e possibilidade de prorroga\u00e7\u00e3o conforme as condi\u00e7\u00f5es meteorol\u00f3gicas, o Plano de Conting\u00eancia de Estiagem de Jundia\u00ed foi institu\u00eddo pelo Decreto Municipal n\u00ba 29.635\/2021 e estipula as diretrizes e procedimentos das autoridades envolvidas para minimizar e combater os efeitos das queimadas e a baixa umidade relativa do ar, comuns neste per\u00edodo do ano. Al\u00e9m de diversas Unidades de Gest\u00e3o da Prefeitura, tamb\u00e9m comp\u00f5em a For\u00e7a Tarefa sob a coordena\u00e7\u00e3o da Defesa Civil para apoio ao Corpo de Bombeiros e \u00e0 Divis\u00e3o Florestal da Guarda Municipal: a DAE, a Funda\u00e7\u00e3o Ant\u00f4nio Antonieta Cintra Gordinho, a Mata Ciliar, o Aeroporto Estadual Comandante Rolim Adolfo Amaro e a Rede Integrada de Emerg\u00eancia (RINEM).<\/p>\n\n\n\n<p>As a\u00e7\u00f5es preventivas, educativas, combativas e fiscalizadoras desenvolvidas pelas autoridades envolvidas durante a Opera\u00e7\u00e3o Estiagem tem por prop\u00f3sito a redu\u00e7\u00e3o significativa de incid\u00eancia de queimadas em vegeta\u00e7\u00e3o no territ\u00f3rio de Jundia\u00ed, proporcionando qualidade \u00e0 sa\u00fade e seguran\u00e7a dos habitantes, bem como a preserva\u00e7\u00e3o da fauna e flora local.<\/p>\n\n\n\n<figure class=\"wp-block-image size-large\"><img loading=\"lazy\" decoding=\"async\" width=\"1200\" height=\"540\" src=\"https:\/\/tvtecjundiai.com.br\/news\/wp-content\/uploads\/sites\/2\/2021\/06\/turma-4-170621-1200x540.jpeg\" alt=\"\" class=\"wp-image-78176\" srcset=\"https:\/\/tvtecjundiai.com.br\/news\/wp-content\/uploads\/sites\/2\/2021\/06\/turma-4-170621-1200x540.jpeg 1200w, https:\/\/tvtecjundiai.com.br\/news\/wp-content\/uploads\/sites\/2\/2021\/06\/turma-4-170621-300x135.jpeg 300w, https:\/\/tvtecjundiai.com.br\/news\/wp-content\/uploads\/sites\/2\/2021\/06\/turma-4-170621-768x346.jpeg 768w, https:\/\/tvtecjundiai.com.br\/news\/wp-content\/uploads\/sites\/2\/2021\/06\/turma-4-170621.jpeg 1280w\" sizes=\"auto, (max-width: 1200px) 100vw, 1200px\" \/><\/figure>\n\n\n\n<p><em>(Texto\/Imagem: Prefeitura de Jundia\u00ed)<\/em><\/p>\n","protected":false},"excerpt":{"rendered":"<p>As a\u00e7\u00f5es s\u00e3o preventivas, educativas, combativas e fiscalizadoras<\/p>\n","protected":false},"author":28,"featured_media":78175,"comment_status":"closed","ping_status":"closed","sticky":false,"template":"","format":"standard","meta":{"footnotes":""},"categories":[8356,1],"tags":[],"class_list":["post-78174","post","type-post","status-publish","format-standard","has-post-thumbnail","hentry","category-jundiai","category-noticias"],"_links":{"self":[{"href":"https:\/\/tvtecjundiai.com.br\/news\/wp-json\/wp\/v2\/posts\/78174","targetHints":{"allow":["GET"]}}],"collection":[{"href":"https:\/\/tvtecjundiai.com.br\/news\/wp-json\/wp\/v2\/posts"}],"about":[{"href":"https:\/\/tvtecjundiai.com.br\/news\/wp-json\/wp\/v2\/types\/post"}],"author":[{"embeddable":true,"href":"https:\/\/tvtecjundiai.com.br\/news\/wp-json\/wp\/v2\/users\/28"}],"replies":[{"embeddable":true,"href":"https:\/\/tvtecjundiai.com.br\/news\/wp-json\/wp\/v2\/comments?post=78174"}],"version-history":[{"count":1,"href":"https:\/\/tvtecjundiai.com.br\/news\/wp-json\/wp\/v2\/posts\/78174\/revisions"}],"predecessor-version":[{"id":78177,"href":"https:\/\/tvtecjundiai.com.br\/news\/wp-json\/wp\/v2\/posts\/78174\/revisions\/78177"}],"wp:featuredmedia":[{"embeddable":true,"href":"https:\/\/tvtecjundiai.com.br\/news\/wp-json\/wp\/v2\/media\/78175"}],"wp:attachment":[{"href":"https:\/\/tvtecjundiai.com.br\/news\/wp-json\/wp\/v2\/media?parent=78174"}],"wp:term":[{"taxonomy":"category","embeddable":true,"href":"https:\/\/tvtecjundiai.com.br\/news\/wp-json\/wp\/v2\/categories?post=78174"},{"taxonomy":"post_tag","embeddable":true,"href":"https:\/\/tvtecjundiai.com.br\/news\/wp-json\/wp\/v2\/tags?post=78174"}],"curies":[{"name":"wp","href":"https:\/\/api.w.org\/{rel}","templated":true}]}}