{"id":78178,"date":"2021-06-24T17:41:44","date_gmt":"2021-06-24T20:41:44","guid":{"rendered":"https:\/\/tvtecjundiai.com.br\/news\/?p=78178"},"modified":"2021-06-24T17:41:47","modified_gmt":"2021-06-24T20:41:47","slug":"coca-cola-femsa-brasil-promove-cursos-gratuitos-para-organizacoes-civis-de-jundiai","status":"publish","type":"post","link":"https:\/\/tvtecjundiai.com.br\/news\/2021\/06\/24\/coca-cola-femsa-brasil-promove-cursos-gratuitos-para-organizacoes-civis-de-jundiai\/","title":{"rendered":"Coca-Cola FEMSA Brasil promove cursos gratuitos para organiza\u00e7\u00f5es civis de Jundia\u00ed"},"content":{"rendered":"\n<p>A Coca-Cola FEMSA Brasil,&nbsp;maior engarrafadora de produtos Coca-Cola no mundo em volume de vendas, vai oferecer cursos online gratuitos voltados para as Organiza\u00e7\u00f5es da Sociedade Civil de Jundia\u00ed. O objetivo \u00e9 contribuir com o fortalecimento das institui\u00e7\u00f5es a partir da qualifica\u00e7\u00e3o na elabora\u00e7\u00e3o de projetos e promo\u00e7\u00e3o de mudan\u00e7as sociais de impacto.<\/p>\n\n\n\n<p>&nbsp;\u201cOs cursos&nbsp;s\u00e3o uma esp\u00e9cie de caixa de ferramentas que empoderam as organiza\u00e7\u00f5es da sociedade civil para se tornarem mais competitivas na capta\u00e7\u00e3o de recursos em diversos editais, como o nosso \u2018Ideias para um Mundo Melhor\u2019, que oferece apoio financeiro a projetos alinhados aos pilares de sustentabilidade da Coca-Cola FEMSA Brasil. Muitas das OSCs vencedoras dos nossos editais participaram dos cursos\u201d, afirma Camila Amaral, diretora Jur\u00eddica e de Assuntos Corporativos da companhia.&nbsp;<\/p>\n\n\n\n<p>A iniciativa, em parceria com a Parceiros Volunt\u00e1rios, organiza\u00e7\u00e3o da sociedade civil especialista em voluntariado e tecnologias sociais, com excel\u00eancia em escutar, decodificar e cocriar e implementar solu\u00e7\u00f5es, impactou 258 ONGs e formou 380 pessoas s\u00f3 em 2020.<strong><\/strong><\/p>\n\n\n\n<figure class=\"wp-block-image size-large\"><img loading=\"lazy\" decoding=\"async\" width=\"859\" height=\"489\" src=\"https:\/\/tvtecjundiai.com.br\/news\/wp-content\/uploads\/sites\/2\/2021\/06\/Capacitacao-presencial-em-2019.-Hoje-cursos-sao-online..jpg\" alt=\"\" class=\"wp-image-78179\" srcset=\"https:\/\/tvtecjundiai.com.br\/news\/wp-content\/uploads\/sites\/2\/2021\/06\/Capacitacao-presencial-em-2019.-Hoje-cursos-sao-online..jpg 859w, https:\/\/tvtecjundiai.com.br\/news\/wp-content\/uploads\/sites\/2\/2021\/06\/Capacitacao-presencial-em-2019.-Hoje-cursos-sao-online.-300x171.jpg 300w, https:\/\/tvtecjundiai.com.br\/news\/wp-content\/uploads\/sites\/2\/2021\/06\/Capacitacao-presencial-em-2019.-Hoje-cursos-sao-online.-768x437.jpg 768w\" sizes=\"auto, (max-width: 859px) 100vw, 859px\" \/><figcaption>Capacita\u00e7\u00e3o presencial em 2019. Hoje cursos s\u00e3o online.<\/figcaption><\/figure>\n\n\n\n<p>Divididos em tr\u00eas n\u00edveis de conhecimento, os cursos s\u00e3o totalmente online e poder\u00e3o ser feitos separadamente. O M\u00f3dulo Introdut\u00f3rio, com inscri\u00e7\u00f5es at\u00e9 o dia 5 de julho, ensina a compreender a estrutura b\u00e1sica de um projeto, seus conceitos e defini\u00e7\u00e3o de problemas. J\u00e1 o Segundo M\u00f3dulo, com matr\u00edculas de 6\/7 a 19\/7, apresentar\u00e1 todos os elementos para a constru\u00e7\u00e3o do Marco L\u00f3gico, defini\u00e7\u00e3o de metas e indicadores. No Terceiro M\u00f3dulo, com inscri\u00e7\u00f5es entre 20\/7 a 2\/8, as aulas ser\u00e3o dedicadas \u00e0 Teoria da Mudan\u00e7a. Uma jornada incr\u00edvel para entender, praticar e melhorar a elabora\u00e7\u00e3o de projetos.&nbsp;<\/p>\n\n\n\n<p>As inscri\u00e7\u00f5es devem ser feitas no site\u00a0<a rel=\"noreferrer noopener\" href=\"https:\/\/www.parceirosvoluntarios.org.br\/capacitacao-femsa\/\" target=\"_blank\">https:\/\/www.parceirosvoluntarios.org.br\/capacitacao-femsa\/<\/a>. Os participantes que completarem no m\u00ednimo 70% das aulas receber\u00e3o certificado.<\/p>\n\n\n\n<p><em>(Texto\/Imagem: Assessoria de Imprensa)<\/em><\/p>\n","protected":false},"excerpt":{"rendered":"<p>Aulas online incluem Elabora\u00e7\u00e3o de Projetos, Marco L\u00f3gico e Teoria da Mudan\u00e7a<\/p>\n","protected":false},"author":28,"featured_media":78179,"comment_status":"closed","ping_status":"closed","sticky":false,"template":"","format":"standard","meta":{"footnotes":""},"categories":[8356,1],"tags":[],"class_list":["post-78178","post","type-post","status-publish","format-standard","has-post-thumbnail","hentry","category-jundiai","category-noticias"],"_links":{"self":[{"href":"https:\/\/tvtecjundiai.com.br\/news\/wp-json\/wp\/v2\/posts\/78178","targetHints":{"allow":["GET"]}}],"collection":[{"href":"https:\/\/tvtecjundiai.com.br\/news\/wp-json\/wp\/v2\/posts"}],"about":[{"href":"https:\/\/tvtecjundiai.com.br\/news\/wp-json\/wp\/v2\/types\/post"}],"author":[{"embeddable":true,"href":"https:\/\/tvtecjundiai.com.br\/news\/wp-json\/wp\/v2\/users\/28"}],"replies":[{"embeddable":true,"href":"https:\/\/tvtecjundiai.com.br\/news\/wp-json\/wp\/v2\/comments?post=78178"}],"version-history":[{"count":1,"href":"https:\/\/tvtecjundiai.com.br\/news\/wp-json\/wp\/v2\/posts\/78178\/revisions"}],"predecessor-version":[{"id":78180,"href":"https:\/\/tvtecjundiai.com.br\/news\/wp-json\/wp\/v2\/posts\/78178\/revisions\/78180"}],"wp:featuredmedia":[{"embeddable":true,"href":"https:\/\/tvtecjundiai.com.br\/news\/wp-json\/wp\/v2\/media\/78179"}],"wp:attachment":[{"href":"https:\/\/tvtecjundiai.com.br\/news\/wp-json\/wp\/v2\/media?parent=78178"}],"wp:term":[{"taxonomy":"category","embeddable":true,"href":"https:\/\/tvtecjundiai.com.br\/news\/wp-json\/wp\/v2\/categories?post=78178"},{"taxonomy":"post_tag","embeddable":true,"href":"https:\/\/tvtecjundiai.com.br\/news\/wp-json\/wp\/v2\/tags?post=78178"}],"curies":[{"name":"wp","href":"https:\/\/api.w.org\/{rel}","templated":true}]}}