{"id":78184,"date":"2021-06-25T11:13:17","date_gmt":"2021-06-25T14:13:17","guid":{"rendered":"https:\/\/tvtecjundiai.com.br\/news\/?p=78184"},"modified":"2021-06-25T12:22:25","modified_gmt":"2021-06-25T15:22:25","slug":"empresas-de-jundiai-doam-cestas-basicas-para-o-fundo-social-1","status":"publish","type":"post","link":"https:\/\/tvtecjundiai.com.br\/news\/2021\/06\/25\/empresas-de-jundiai-doam-cestas-basicas-para-o-fundo-social-1\/","title":{"rendered":"Empresas doam cestas b\u00e1sicas para o Fundo Social de Jundia\u00ed"},"content":{"rendered":"\n<p>Pensando em contribuir com o trabalho realizado pela Prefeitura de Jundia\u00ed, por meio do Fundo Social de Solidariedade, junto \u00e0s fam\u00edlias que enfrentam dificuldades neste momento de pandemia, que a ICON Diagn\u00f3sticos por Imagem decidiu mobilizar os m\u00e9dicos da empresa em arrecada\u00e7\u00e3o de cestas b\u00e1sicas de alimentos n\u00e3o perec\u00edveis.<\/p>\n\n\n\n<p>\u201cCada profissional participante indicou a quantia em dinheiro que gostaria de colaborar e, ao final da a\u00e7\u00e3o, a ICON fez a compra total. A cada cesta adquirida por um m\u00e9dico, a empresa colaborou com outras duas. Uma maneira de facilitar o acesso das doa\u00e7\u00f5es e incentivar a generosidade em nossos colaboradores\u201d, explicou Gisele Meneghin, gerente da ICON Diagn\u00f3sticos por Imagem.<\/p>\n\n\n\n<div class=\"wp-block-image\"><figure class=\"aligncenter size-large\"><img loading=\"lazy\" decoding=\"async\" width=\"1200\" height=\"823\" src=\"https:\/\/tvtecjundiai.com.br\/news\/wp-content\/uploads\/sites\/2\/2021\/06\/funss_icon-2-1200x823.jpg\" alt=\"\" class=\"wp-image-78185\" srcset=\"https:\/\/tvtecjundiai.com.br\/news\/wp-content\/uploads\/sites\/2\/2021\/06\/funss_icon-2-1200x823.jpg 1200w, https:\/\/tvtecjundiai.com.br\/news\/wp-content\/uploads\/sites\/2\/2021\/06\/funss_icon-2-300x206.jpg 300w, https:\/\/tvtecjundiai.com.br\/news\/wp-content\/uploads\/sites\/2\/2021\/06\/funss_icon-2-768x527.jpg 768w, https:\/\/tvtecjundiai.com.br\/news\/wp-content\/uploads\/sites\/2\/2021\/06\/funss_icon-2.jpg 1280w\" sizes=\"auto, (max-width: 1200px) 100vw, 1200px\" \/><figcaption>Gisele: doa\u00e7\u00e3o ser\u00e1 fracionada at\u00e9 o m\u00eas de outubro<\/figcaption><\/figure><\/div>\n\n\n\n<p>A entrega das cestas de alimentos ser\u00e1 fracionada at\u00e9 o m\u00eas de outubro. \u201cPensamos em fazer desta maneira para que, por determinado per\u00edodo, possamos contribuir continuadamente com esta iniciativa da Prefeitura que faz a diferen\u00e7a na vida de tantas pessoas\u201d, concluiu.<\/p>\n\n\n\n<p>A\u00e7\u00e3o semelhante tamb\u00e9m foi desenvolvida pela Regional Jundia\u00ed do Sindicato de Empres\u00e1rios e Profissionais Aut\u00f4nomos da Corretagem e da Distribui\u00e7\u00e3o de todos os ramos de Seguros, Resseguros e Capitaliza\u00e7\u00e3o do Estado de S\u00e3o Paulo (Sincor-SP). A iniciativa envolveu os corretores de seguro e contou, ainda, com o apoio do Sindicato das Empresas de Seguros e Resseguros (Sindseg-SP), que dobrou a quantidade de doa\u00e7\u00f5es.<\/p>\n\n\n\n<div class=\"wp-block-image\"><figure class=\"aligncenter size-large\"><img decoding=\"async\" src=\"https:\/\/tvtecjundiai.com.br\/news\/wp-content\/uploads\/sites\/2\/2021\/06\/funss_sincorsp-1200x763.jpg\" alt=\"\" class=\"wp-image-78186\" \/><\/figure><\/div>\n\n\n\n<p>\u201cA campanha foi uma ideia do presidente do Sincor-SP, Alexandre Camillo, e tem por objetivo destacar o papel do corretor de seguros como um profissional do bem-estar social\u201d, explicou Simone F\u00e1varo, 2\u00aa vice-presidente do Sincor SP. Tamb\u00e9m estiveram presentes Jo\u00e3o Castro, diretor da Regional de Jundia\u00ed, e Josaine Quintino, representante regional da Comiss\u00e3o Agente do Bem-estar Social.<\/p>\n\n\n\n<p>De acordo com a primeira-dama e presidente do Fundo Social, Vanessa Machado, iniciativas como estas s\u00e3o essenciais porque refor\u00e7am o trabalho desenvolvido pelo Funss no atendimento \u00e0s entidades cadastradas e, ainda, no suporte \u00e0s a\u00e7\u00f5es desenvolvidas pela Unidade de Gest\u00e3o de Assist\u00eancia e Desenvolvimento Social (UGADS).<\/p>\n\n\n\n<p>\u201c\u00c9 preciso que a popula\u00e7\u00e3o continue doando e colaborando com a Campanha Permanente, do Fundo Social. Com a pandemia, h\u00e1 muitas fam\u00edlias em situa\u00e7\u00e3o de vulnerabilidade e que dependem desta colabora\u00e7\u00e3o. Por isso, para que possamos atend\u00ea-las com regularidade, contamos com a generosidade de todos\u201d, disse.<\/p>\n\n\n\n<p>Entre as institui\u00e7\u00f5es, igrejas e associa\u00e7\u00f5es de bairro que possuem cadastro atualizado e recebem doa\u00e7\u00f5es do Funss, est\u00e3o aquelas que assistem crian\u00e7as, jovens, adultos, idosos e pessoas em situa\u00e7\u00e3o de rua. Al\u00e9m disso, a Campanha Permanente do Funss tamb\u00e9m d\u00e1 apoio aos Centros de Refer\u00eancia de Assist\u00eancia Social (CRAS), coordenados pela UGADS, e respons\u00e1veis pelo atendimento direto ao mun\u00edcipe em vulnerabilidade.<\/p>\n\n\n\n<p>A&nbsp;<strong>Campanha Permanente&nbsp;<\/strong>arrecada alimentos n\u00e3o perec\u00edveis dentro do prazo de validade; fraldas infantis e geri\u00e1tricas; leite longa vida ou em p\u00f3; absorventes higi\u00eanicos descart\u00e1veis; \u00e1gua mineral; roupas, cal\u00e7ados e toalhas de banho; produtos de limpeza e de higiene pessoal; ra\u00e7\u00e3o para animais; e saco de lixo. Os itens devem ser entregues, diretamente, na sede da unidade, que est\u00e1 localizada dentro do Parque da Uva. O acesso \u00e9 pela avenida Dona Manoela Lacerda de Vergueiro, s\/n, port\u00e3o 03, bairro Anhangaba\u00fa. O funcionamento da unidade \u00e9 de segunda a sexta-feira, das 8h \u00e0s 17h, exceto feriados. Informa\u00e7\u00f5es: (11) 4521-2762, 4521-2929 e 4521-6833.<\/p>\n\n\n\n<p><em>(Fonte\/Imagem: Prefeitura de Jundia\u00ed)<\/em><\/p>\n","protected":false},"excerpt":{"rendered":"<p>As doa\u00e7\u00f5es ser\u00e3o destinadas para as institui\u00e7\u00f5es cadastradas no Funss.<\/p>\n","protected":false},"author":25,"featured_media":78186,"comment_status":"closed","ping_status":"closed","sticky":false,"template":"","format":"standard","meta":{"footnotes":""},"categories":[5706,1],"tags":[],"class_list":["post-78184","post","type-post","status-publish","format-standard","has-post-thumbnail","hentry","category-inclusao","category-noticias"],"_links":{"self":[{"href":"https:\/\/tvtecjundiai.com.br\/news\/wp-json\/wp\/v2\/posts\/78184","targetHints":{"allow":["GET"]}}],"collection":[{"href":"https:\/\/tvtecjundiai.com.br\/news\/wp-json\/wp\/v2\/posts"}],"about":[{"href":"https:\/\/tvtecjundiai.com.br\/news\/wp-json\/wp\/v2\/types\/post"}],"author":[{"embeddable":true,"href":"https:\/\/tvtecjundiai.com.br\/news\/wp-json\/wp\/v2\/users\/25"}],"replies":[{"embeddable":true,"href":"https:\/\/tvtecjundiai.com.br\/news\/wp-json\/wp\/v2\/comments?post=78184"}],"version-history":[{"count":2,"href":"https:\/\/tvtecjundiai.com.br\/news\/wp-json\/wp\/v2\/posts\/78184\/revisions"}],"predecessor-version":[{"id":78189,"href":"https:\/\/tvtecjundiai.com.br\/news\/wp-json\/wp\/v2\/posts\/78184\/revisions\/78189"}],"wp:featuredmedia":[{"embeddable":true,"href":"https:\/\/tvtecjundiai.com.br\/news\/wp-json\/wp\/v2\/media\/78186"}],"wp:attachment":[{"href":"https:\/\/tvtecjundiai.com.br\/news\/wp-json\/wp\/v2\/media?parent=78184"}],"wp:term":[{"taxonomy":"category","embeddable":true,"href":"https:\/\/tvtecjundiai.com.br\/news\/wp-json\/wp\/v2\/categories?post=78184"},{"taxonomy":"post_tag","embeddable":true,"href":"https:\/\/tvtecjundiai.com.br\/news\/wp-json\/wp\/v2\/tags?post=78184"}],"curies":[{"name":"wp","href":"https:\/\/api.w.org\/{rel}","templated":true}]}}