{"id":78195,"date":"2021-06-25T12:25:33","date_gmt":"2021-06-25T15:25:33","guid":{"rendered":"https:\/\/tvtecjundiai.com.br\/news\/?p=78195"},"modified":"2021-06-25T13:41:59","modified_gmt":"2021-06-25T16:41:59","slug":"prefeito-luiz-fernando-machado-acompanha-chegada-da-vacina-janssen-nesta-sexta-feira-25-1","status":"publish","type":"post","link":"https:\/\/tvtecjundiai.com.br\/news\/2021\/06\/25\/prefeito-luiz-fernando-machado-acompanha-chegada-da-vacina-janssen-nesta-sexta-feira-25-1\/","title":{"rendered":"Prefeito Luiz Fernando Machado acompanha chegada da vacina Janssen nesta sexta-feira (25)"},"content":{"rendered":"\n<p>O prefeito de Jundia\u00ed, Luiz Fernando Machado, participou, na manh\u00e3 desta sexta-feira (25), da comitiva que recebeu as vacinas contra a COVID-19 da Janssen\/Johnson &amp; Johnson, que foram doadas ao Brasil pelo governo americano. A chegada das vacinas no Aeroporto de Viracopos, em Campinas, \u00e9 uma resposta ao Conectar \u2013 Cons\u00f3rcio Nacional de Vacinas das Cidades Brasileiras \u2013 e Frente Nacional dos Prefeitos (FNL), grupo do qual Luiz Fernando faz parte, que oficializou pleito \u00e0 Embaixada dos EUA, no dia 27 de mar\u00e7o, pela doa\u00e7\u00e3o de vacinas para 3 milh\u00f5es de brasileiros.&nbsp;<\/p>\n\n\n\n<p>S\u00e3o dois lotes de entrega das doses, hoje, foram recebidas 2&nbsp; milh\u00f5es, e neste s\u00e1bado (26), ser\u00e3o entregues mais 900 mil vacinas, totalizando 3 milh\u00f5es de imunizantes.&nbsp;<\/p>\n\n\n\n<figure class=\"wp-block-image size-large\"><img loading=\"lazy\" decoding=\"async\" width=\"1200\" height=\"801\" src=\"https:\/\/tvtecjundiai.com.br\/news\/wp-content\/uploads\/sites\/2\/2021\/06\/chegada_vacina_janssen_viracopos-658-1200x801.jpg\" alt=\"\" class=\"wp-image-78207\" srcset=\"https:\/\/tvtecjundiai.com.br\/news\/wp-content\/uploads\/sites\/2\/2021\/06\/chegada_vacina_janssen_viracopos-658-1200x801.jpg 1200w, https:\/\/tvtecjundiai.com.br\/news\/wp-content\/uploads\/sites\/2\/2021\/06\/chegada_vacina_janssen_viracopos-658-300x200.jpg 300w, https:\/\/tvtecjundiai.com.br\/news\/wp-content\/uploads\/sites\/2\/2021\/06\/chegada_vacina_janssen_viracopos-658-768x512.jpg 768w, https:\/\/tvtecjundiai.com.br\/news\/wp-content\/uploads\/sites\/2\/2021\/06\/chegada_vacina_janssen_viracopos-658.jpg 1280w\" sizes=\"auto, (max-width: 1200px) 100vw, 1200px\" \/><figcaption>O prefeito de Jundia\u00ed, Luiz Fernando Machado acompanhou a chegada de mais de 2 milh\u00f5es de doses da vacina Janssen<\/figcaption><\/figure>\n\n\n\n<p>Luiz Fernando avaliou o impacto da maior doa\u00e7\u00e3o de vacinas feita pelo governo americano a qualquer pa\u00eds at\u00e9 agora. \u201cNosso agradecimento a todos os que est\u00e3o envolvidos nesta luta em trazer a vacinas ao Brasil. Esse \u00e9 o caminho seguro para a prote\u00e7\u00e3o da sa\u00fade das pessoas e retomada efetiva da economia\u201d, declarou o prefeito.<\/p>\n\n\n\n<p>O ministro da Sa\u00fade, Marcelo Queiroga, agradeceu a parceria com o governo americano. \u201cNosso profundo agradecimento ao presidente Joe Biden pela doa\u00e7\u00e3o. Essas 3 milh\u00f5es de doses representam um esfor\u00e7o muito grande para o avan\u00e7o da campanha de vacina\u00e7\u00e3o no Brasil\u201d, afirmou.&nbsp;<\/p>\n\n\n\n<p>Por ser dose \u00fanica, a doa\u00e7\u00e3o norte-americana representa 3 milh\u00f5es de pessoas imunizadas. O embaixador dos Estados Unidos no Brasil, Todd Chapman tamb\u00e9m estava presente e comentou \u201cessa doa\u00e7\u00e3o de 3 milh\u00f5es de doses \u00e9 a maior que j\u00e1 fizemos para qualquer na\u00e7\u00e3o do mundo\u201d, afirmou.<\/p>\n\n\n\n<figure class=\"wp-block-image size-large\"><img loading=\"lazy\" decoding=\"async\" width=\"1200\" height=\"800\" src=\"https:\/\/tvtecjundiai.com.br\/news\/wp-content\/uploads\/sites\/2\/2021\/06\/chegada_vacina_janssen_viracopos-703-1200x800.jpg\" alt=\"\" class=\"wp-image-78208\" srcset=\"https:\/\/tvtecjundiai.com.br\/news\/wp-content\/uploads\/sites\/2\/2021\/06\/chegada_vacina_janssen_viracopos-703-1200x800.jpg 1200w, https:\/\/tvtecjundiai.com.br\/news\/wp-content\/uploads\/sites\/2\/2021\/06\/chegada_vacina_janssen_viracopos-703-300x200.jpg 300w, https:\/\/tvtecjundiai.com.br\/news\/wp-content\/uploads\/sites\/2\/2021\/06\/chegada_vacina_janssen_viracopos-703-768x512.jpg 768w, https:\/\/tvtecjundiai.com.br\/news\/wp-content\/uploads\/sites\/2\/2021\/06\/chegada_vacina_janssen_viracopos-703.jpg 1280w\" sizes=\"auto, (max-width: 1200px) 100vw, 1200px\" \/><figcaption>Luiz Fernando com o embaixador americano, Todd Chapman<\/figcaption><\/figure>\n\n\n\n<p>O total de doses da Janssen a ser encaminhado para Jundia\u00ed ser\u00e1 definido a partir das diretrizes do plano nacional de vacina\u00e7\u00e3o contra a COVID-19.<\/p>\n\n\n\n<p><em>(Texto: TVTEC\/Imagem: Prefeitura de Jundia\u00ed)<\/em><\/p>\n","protected":false},"excerpt":{"rendered":"<p>Mais de dois milh\u00f5es de doses do imunizante fabricado pela Johnson &amp; Johnson chegaram ao Brasil<\/p>\n","protected":false},"author":28,"featured_media":78208,"comment_status":"closed","ping_status":"closed","sticky":false,"template":"","format":"standard","meta":{"footnotes":""},"categories":[8356,1],"tags":[],"class_list":["post-78195","post","type-post","status-publish","format-standard","has-post-thumbnail","hentry","category-jundiai","category-noticias"],"_links":{"self":[{"href":"https:\/\/tvtecjundiai.com.br\/news\/wp-json\/wp\/v2\/posts\/78195","targetHints":{"allow":["GET"]}}],"collection":[{"href":"https:\/\/tvtecjundiai.com.br\/news\/wp-json\/wp\/v2\/posts"}],"about":[{"href":"https:\/\/tvtecjundiai.com.br\/news\/wp-json\/wp\/v2\/types\/post"}],"author":[{"embeddable":true,"href":"https:\/\/tvtecjundiai.com.br\/news\/wp-json\/wp\/v2\/users\/28"}],"replies":[{"embeddable":true,"href":"https:\/\/tvtecjundiai.com.br\/news\/wp-json\/wp\/v2\/comments?post=78195"}],"version-history":[{"count":2,"href":"https:\/\/tvtecjundiai.com.br\/news\/wp-json\/wp\/v2\/posts\/78195\/revisions"}],"predecessor-version":[{"id":78209,"href":"https:\/\/tvtecjundiai.com.br\/news\/wp-json\/wp\/v2\/posts\/78195\/revisions\/78209"}],"wp:featuredmedia":[{"embeddable":true,"href":"https:\/\/tvtecjundiai.com.br\/news\/wp-json\/wp\/v2\/media\/78208"}],"wp:attachment":[{"href":"https:\/\/tvtecjundiai.com.br\/news\/wp-json\/wp\/v2\/media?parent=78195"}],"wp:term":[{"taxonomy":"category","embeddable":true,"href":"https:\/\/tvtecjundiai.com.br\/news\/wp-json\/wp\/v2\/categories?post=78195"},{"taxonomy":"post_tag","embeddable":true,"href":"https:\/\/tvtecjundiai.com.br\/news\/wp-json\/wp\/v2\/tags?post=78195"}],"curies":[{"name":"wp","href":"https:\/\/api.w.org\/{rel}","templated":true}]}}