{"id":78219,"date":"2021-06-25T16:38:23","date_gmt":"2021-06-25T19:38:23","guid":{"rendered":"https:\/\/tvtecjundiai.com.br\/news\/?p=78219"},"modified":"2021-06-25T16:43:18","modified_gmt":"2021-06-25T19:43:18","slug":"fernandinha-recebe-alta-de-hospital-e-segue-na-expectativa-para-tratamento-1","status":"publish","type":"post","link":"https:\/\/tvtecjundiai.com.br\/news\/2021\/06\/25\/fernandinha-recebe-alta-de-hospital-e-segue-na-expectativa-para-tratamento-1\/","title":{"rendered":"Fernandinha recebe alta de hospital e segue na expectativa para tratamento"},"content":{"rendered":"\n<p>Inje\u00e7\u00e3o de alegria e esperan\u00e7a para a Fernandinha Manzutti. Nos \u00faltimos dias, a jundiaiense de 11 anos, que luta contra a Leucemia Linf\u00f3ide Aguda, esteve internada no Hospital da Crian\u00e7a, em S\u00e3o Paulo, para tratar uma infec\u00e7\u00e3o e receber a quimioterapia de manuten\u00e7\u00e3o. Na tarde dessa quinta-feira (24), ela teve alta e ficou muito feliz por saber que poderia ir para casa. No entanto, a corrida contra o tempo continua e a batalha para obter recursos segue intensa, por meio de campanha de arrecada\u00e7\u00e3o, j\u00e1 que a \u00faltima op\u00e7\u00e3o de tratamento contra o c\u00e2ncer dela s\u00f3 existe fora do Brasil. A quimioterapia e as constantes idas ao hospital s\u00e3o necess\u00e1rias para mant\u00ea-la fortalecida para a possibilidade de fazer a viagem pela cura.&nbsp;<\/p>\n\n\n\n<p>Fernanda luta h\u00e1 um ano e meio contra Leucemia Linf\u00f3ide Aguda e aguarda a arrecada\u00e7\u00e3o de R$ 8 milh\u00f5es (1,5 milh\u00e3o de d\u00f3lares) para buscar um tratamento no exterior, denominado Car T Cell. Todos os tratamentos dispon\u00edveis no Brasil j\u00e1 foram efetuados, sem resultado eficiente, e, al\u00e9m disso, Fernanda n\u00e3o \u00e9 apta para passar por transplante de medula \u00f3ssea.<\/p>\n\n\n\n<p>Em v\u00eddeo que vai para suas p\u00e1ginas oficiais de campanha, a guerreira Fernanda comenta sobre a emo\u00e7\u00e3o de receber alta. Quando est\u00e1 em casa, Fernandinha mata a saudade de familiares, de sua cachorrinha, a Amora, e rev\u00ea as amigas por meio de videochamadas. \u201cEstamos com todos os cuidados, fazendo tudo em casa. Mas \u00e9 muito bom poder t\u00ea-la conosco, cada minuto \u00e9 precioso\u201d, comenta Melissa.<\/p>\n\n\n\n<p>Enquanto a sua chance de tratamento no exterior n\u00e3o chega, Fernanda segue com tratamento de quimioterapia de manuten\u00e7\u00e3o. At\u00e9 o momento, a campanha arrecadou 53% do valor \u2013 o equivalente a R$ 4.201.01,11 \u2013 gra\u00e7as \u00e0 solidariedade de muitas pessoas.<\/p>\n\n\n\n<p>As doa\u00e7\u00f5es podem ser feitas do seguinte modo:<\/p>\n\n\n\n<p>PIX 11 97540-9718 Melissa Manzutti de Freitas<\/p>\n\n\n\n<p><a href=\"http:\/\/www.vakinha.com.br\/vaquinha\/salve-a-fernandinha\">www.vakinha.com.br\/vaquinha\/salve-a-fernandinha<\/a><\/p>\n\n\n\n<p>P\u00e1ginas oficiais:<\/p>\n\n\n\n<p>Instagram: <a href=\"https:\/\/www.instagram.com\/salveafernandinha\/\">https:\/\/www.instagram.com\/salveafernandinha\/<\/a><\/p>\n\n\n\n<p>Facebook: <a href=\"https:\/\/www.facebook.com\/salveafernandinha\/\">https:\/\/www.facebook.com\/salveafernandinha\/<\/a><\/p>\n\n\n\n<p><em>(Texto: Assessoria de Imprensa\/Imagem: Divulga\u00e7\u00e3o)<\/em><\/p>\n","protected":false},"excerpt":{"rendered":"<p>At\u00e9 o momento, a campanha arrecadou 53% do valor, gra\u00e7as \u00e0 solidariedade de muitas pessoas<\/p>\n","protected":false},"author":28,"featured_media":78220,"comment_status":"closed","ping_status":"closed","sticky":false,"template":"","format":"standard","meta":{"footnotes":""},"categories":[8356,1],"tags":[],"class_list":["post-78219","post","type-post","status-publish","format-standard","has-post-thumbnail","hentry","category-jundiai","category-noticias"],"_links":{"self":[{"href":"https:\/\/tvtecjundiai.com.br\/news\/wp-json\/wp\/v2\/posts\/78219","targetHints":{"allow":["GET"]}}],"collection":[{"href":"https:\/\/tvtecjundiai.com.br\/news\/wp-json\/wp\/v2\/posts"}],"about":[{"href":"https:\/\/tvtecjundiai.com.br\/news\/wp-json\/wp\/v2\/types\/post"}],"author":[{"embeddable":true,"href":"https:\/\/tvtecjundiai.com.br\/news\/wp-json\/wp\/v2\/users\/28"}],"replies":[{"embeddable":true,"href":"https:\/\/tvtecjundiai.com.br\/news\/wp-json\/wp\/v2\/comments?post=78219"}],"version-history":[{"count":2,"href":"https:\/\/tvtecjundiai.com.br\/news\/wp-json\/wp\/v2\/posts\/78219\/revisions"}],"predecessor-version":[{"id":78222,"href":"https:\/\/tvtecjundiai.com.br\/news\/wp-json\/wp\/v2\/posts\/78219\/revisions\/78222"}],"wp:featuredmedia":[{"embeddable":true,"href":"https:\/\/tvtecjundiai.com.br\/news\/wp-json\/wp\/v2\/media\/78220"}],"wp:attachment":[{"href":"https:\/\/tvtecjundiai.com.br\/news\/wp-json\/wp\/v2\/media?parent=78219"}],"wp:term":[{"taxonomy":"category","embeddable":true,"href":"https:\/\/tvtecjundiai.com.br\/news\/wp-json\/wp\/v2\/categories?post=78219"},{"taxonomy":"post_tag","embeddable":true,"href":"https:\/\/tvtecjundiai.com.br\/news\/wp-json\/wp\/v2\/tags?post=78219"}],"curies":[{"name":"wp","href":"https:\/\/api.w.org\/{rel}","templated":true}]}}