{"id":78293,"date":"2021-06-28T12:25:33","date_gmt":"2021-06-28T15:25:33","guid":{"rendered":"https:\/\/tvtecjundiai.com.br\/news\/?p=78293"},"modified":"2021-06-28T12:25:37","modified_gmt":"2021-06-28T15:25:37","slug":"faca-sua-inscricao-ciclo-de-debates-do-peama-acontece-nesta-sexta-feira-dia-02","status":"publish","type":"post","link":"https:\/\/tvtecjundiai.com.br\/news\/2021\/06\/28\/faca-sua-inscricao-ciclo-de-debates-do-peama-acontece-nesta-sexta-feira-dia-02\/","title":{"rendered":"Fa\u00e7a sua inscri\u00e7\u00e3o: ciclo de debates do Peama acontece nesta sexta-feira, dia 02"},"content":{"rendered":"\n<p>Em comemora\u00e7\u00e3o aos 25 anos de exist\u00eancia, o Programa de Esportes e Atividades Motoras Adaptadas (Peama) da Prefeitura de Jundia\u00ed promove no dia 2 de julho, uma sexta-feira, o I Ciclo de Debates do Peama.&nbsp; O evento, tamb\u00e9m organizado pela&nbsp; Unidade de Gest\u00e3o de Esportes e Lazer, tem como objetivo fomentar a discuss\u00e3o entre os profissionais envolvidos sobre o esporte para a pessoa com defici\u00eancia em seus diversos objetivos e contextos de pr\u00e1tica.<\/p>\n\n\n\n<p>As inscri\u00e7\u00f5es seguem abertas e podem ser feitas pela<strong><a href=\"https:\/\/docs.google.com\/forms\/d\/e\/1FAIpQLSdP6fLrG-q0z5whaYUH04KnYmIX0pYu6AkiXIchAa8-dB6bdw\/viewform\">\u00a0internet.<\/a><\/strong><\/p>\n\n\n\n<p>O ciclo de debates ser\u00e1 realizado por meio online e ser\u00e1 transmitida gratuitamente pelo YouTube e Facebook do Peama.<\/p>\n\n\n\n<p>\u201c\u00c9 um evento que acontece por conta do anivers\u00e1rio de 25 anos do Peama e \u00e9 a primeira vez que promovemos uma atividade deste porte. Nossa inten\u00e7\u00e3o \u00e9 que o ciclo seja o primeiro e que possamos realizar um por ano a partir de ent\u00e3o\u201d, explica C\u00e9sar Munir, diretor do Departamento de Esporte Adaptado da Unidade de Gest\u00e3o de Esporte e Lazer (UGEL).<\/p>\n\n\n\n<figure class=\"wp-block-image size-large\"><img loading=\"lazy\" decoding=\"async\" width=\"1200\" height=\"838\" src=\"https:\/\/tvtecjundiai.com.br\/news\/wp-content\/uploads\/sites\/2\/2021\/06\/peama-1200x838.jpg\" alt=\"\" class=\"wp-image-78294\" srcset=\"https:\/\/tvtecjundiai.com.br\/news\/wp-content\/uploads\/sites\/2\/2021\/06\/peama-1200x838.jpg 1200w, https:\/\/tvtecjundiai.com.br\/news\/wp-content\/uploads\/sites\/2\/2021\/06\/peama-300x210.jpg 300w, https:\/\/tvtecjundiai.com.br\/news\/wp-content\/uploads\/sites\/2\/2021\/06\/peama-768x536.jpg 768w, https:\/\/tvtecjundiai.com.br\/news\/wp-content\/uploads\/sites\/2\/2021\/06\/peama.jpg 1240w\" sizes=\"auto, (max-width: 1200px) 100vw, 1200px\" \/><figcaption>Ciclo de palestras do Peama ser\u00e1 iniciado<\/figcaption><\/figure>\n\n\n\n<p><strong>PROGRAMA\u00c7\u00c3O<br><\/strong>A programa\u00e7\u00e3o conta com duas mesas redondas, compostas por palestrantes e mediador. Os mediadores ser\u00e3o os professores doutores Teresa Leit\u00e3o e Alessandro Tosim. O evento contar\u00e1 com int\u00e9rpretes de libras e haver\u00e1 certificado de participa\u00e7\u00e3o para os inscritos.<\/p>\n\n\n\n<p><strong>Confira a programa\u00e7\u00e3o:<\/strong><\/p>\n\n\n\n<p>8h30&nbsp; \u00e0s 11h<\/p>\n\n\n\n<p>8h30 \u2013 Contexto hist\u00f3rico do PEAMA pelos educadores Rafael Silveira (PEAMA) e Vanessa Rancoletta (PEAMA).<\/p>\n\n\n\n<p>9h \u2013 Mesa Redonda Tema \u201dA M\u00cdDIA E SUAS RELA\u00c7\u00d5ES COM A PESSOA COM DEFICI\u00caNCIA\u201d. Participa\u00e7\u00e3o de Rubens Pozzi (ESPN\/OEB), Fernanda Elnour (TVTEM),&nbsp; M\u00f4nica Gropello (TVTEC) e Renan Cacioli (CBDV)&nbsp;&nbsp; com a media\u00e7\u00e3o da professora Maria Teresa Leit\u00e3o.<\/p>\n\n\n\n<p>14h \u2013&nbsp; Participa\u00e7\u00e3o do PEAMA em eventos pelo professor Rhonan Louro (PEAMA).<\/p>\n\n\n\n<p>14h30 \u2013 Mesa Redonda Tema \u201dGRANDES EVENTOS ESPORTIVOS\u201d.\u00a0\u00a0 Participa\u00e7\u00e3o de Davi Poit (ESEF), Carla da Mata (COB) e Marina Nishitani (4ComM\/OEB)\u00a0 com a media\u00e7\u00e3o do professor Alessandro Tosim.<\/p>\n\n\n\n<p><em>(Texto\/Imagem: Prefeitura de Jundia\u00ed)<\/em><\/p>\n","protected":false},"excerpt":{"rendered":"<p>As inscri\u00e7\u00f5es seguem abertas e podem ser feitas pela internet<\/p>\n","protected":false},"author":28,"featured_media":78294,"comment_status":"closed","ping_status":"closed","sticky":false,"template":"","format":"standard","meta":{"footnotes":""},"categories":[8356,1],"tags":[],"class_list":["post-78293","post","type-post","status-publish","format-standard","has-post-thumbnail","hentry","category-jundiai","category-noticias"],"_links":{"self":[{"href":"https:\/\/tvtecjundiai.com.br\/news\/wp-json\/wp\/v2\/posts\/78293","targetHints":{"allow":["GET"]}}],"collection":[{"href":"https:\/\/tvtecjundiai.com.br\/news\/wp-json\/wp\/v2\/posts"}],"about":[{"href":"https:\/\/tvtecjundiai.com.br\/news\/wp-json\/wp\/v2\/types\/post"}],"author":[{"embeddable":true,"href":"https:\/\/tvtecjundiai.com.br\/news\/wp-json\/wp\/v2\/users\/28"}],"replies":[{"embeddable":true,"href":"https:\/\/tvtecjundiai.com.br\/news\/wp-json\/wp\/v2\/comments?post=78293"}],"version-history":[{"count":1,"href":"https:\/\/tvtecjundiai.com.br\/news\/wp-json\/wp\/v2\/posts\/78293\/revisions"}],"predecessor-version":[{"id":78295,"href":"https:\/\/tvtecjundiai.com.br\/news\/wp-json\/wp\/v2\/posts\/78293\/revisions\/78295"}],"wp:featuredmedia":[{"embeddable":true,"href":"https:\/\/tvtecjundiai.com.br\/news\/wp-json\/wp\/v2\/media\/78294"}],"wp:attachment":[{"href":"https:\/\/tvtecjundiai.com.br\/news\/wp-json\/wp\/v2\/media?parent=78293"}],"wp:term":[{"taxonomy":"category","embeddable":true,"href":"https:\/\/tvtecjundiai.com.br\/news\/wp-json\/wp\/v2\/categories?post=78293"},{"taxonomy":"post_tag","embeddable":true,"href":"https:\/\/tvtecjundiai.com.br\/news\/wp-json\/wp\/v2\/tags?post=78293"}],"curies":[{"name":"wp","href":"https:\/\/api.w.org\/{rel}","templated":true}]}}