{"id":78300,"date":"2021-06-28T13:01:56","date_gmt":"2021-06-28T16:01:56","guid":{"rendered":"https:\/\/tvtecjundiai.com.br\/news\/?p=78300"},"modified":"2021-06-28T14:11:58","modified_gmt":"2021-06-28T17:11:58","slug":"preparem-os-casacos-termometros-devem-chegar-aos-8o-em-jundiai-nesta-quarta-feira-30-2","status":"publish","type":"post","link":"https:\/\/tvtecjundiai.com.br\/news\/2021\/06\/28\/preparem-os-casacos-termometros-devem-chegar-aos-8o-em-jundiai-nesta-quarta-feira-30-2\/","title":{"rendered":"Preparem os casacos! Term\u00f4metros devem chegar aos 8\u00baC em Jundia\u00ed nesta quarta (30)"},"content":{"rendered":"\n<p>Uma frente fria deve atingir a cidade de Jundia\u00ed nesta quarta-feira (30), segundo informa\u00e7\u00f5es do Climatempo.<\/p>\n\n\n\n<p>J\u00e1 nesta segunda (28), os term\u00f4metros n\u00e3o passam dos 25\u00ba e a m\u00ednima deve chegar aos 13\u00ba.<\/p>\n\n\n\n<p>Na ter\u00e7a-feira (29), a temperatura j\u00e1 come\u00e7a a diminuir, com a m\u00e1xima n\u00e3o ultrapassando os 21\u00ba e a m\u00ednima chegando aos 12\u00ba.<\/p>\n\n\n\n<figure class=\"wp-block-image size-large\"><img loading=\"lazy\" decoding=\"async\" width=\"770\" height=\"445\" src=\"https:\/\/tvtecjundiai.com.br\/news\/wp-content\/uploads\/sites\/2\/2019\/08\/primeira-onda-de-frio-de-2018-chega-ainda-este-mes-diz-meteorologista1-770x445.jpg\" alt=\"\" class=\"wp-image-36307\" srcset=\"https:\/\/tvtecjundiai.com.br\/news\/wp-content\/uploads\/sites\/2\/2019\/08\/primeira-onda-de-frio-de-2018-chega-ainda-este-mes-diz-meteorologista1-770x445.jpg 770w, https:\/\/tvtecjundiai.com.br\/news\/wp-content\/uploads\/sites\/2\/2019\/08\/primeira-onda-de-frio-de-2018-chega-ainda-este-mes-diz-meteorologista1-770x445-300x173.jpg 300w, https:\/\/tvtecjundiai.com.br\/news\/wp-content\/uploads\/sites\/2\/2019\/08\/primeira-onda-de-frio-de-2018-chega-ainda-este-mes-diz-meteorologista1-770x445-768x444.jpg 768w\" sizes=\"auto, (max-width: 770px) 100vw, 770px\" \/><\/figure>\n\n\n\n<p>Mas \u00e9 na quarta-feira (30) onde haver\u00e1 uma queda brusca na temperatura, com os term\u00f4metros baixando at\u00e9 8\u00ba e a m\u00e1xima n\u00e3o passando dos 19\u00ba.<\/p>\n\n\n\n<p>Na quinta-feira (01), as temperaturas m\u00ednimas prometem atingir os 5\u00ba e na sexta-feira (02), 7\u00ba.<\/p>\n\n\n\n<p><em>(Texto\/Imagem: TVTEC)<\/em><\/p>\n","protected":false},"excerpt":{"rendered":"<p>Segundo o Climatempo, h\u00e1 alerta para mudan\u00e7a brusca de temperatura<\/p>\n","protected":false},"author":28,"featured_media":78307,"comment_status":"closed","ping_status":"closed","sticky":false,"template":"","format":"standard","meta":{"footnotes":""},"categories":[8356,1],"tags":[],"class_list":["post-78300","post","type-post","status-publish","format-standard","has-post-thumbnail","hentry","category-jundiai","category-noticias"],"_links":{"self":[{"href":"https:\/\/tvtecjundiai.com.br\/news\/wp-json\/wp\/v2\/posts\/78300","targetHints":{"allow":["GET"]}}],"collection":[{"href":"https:\/\/tvtecjundiai.com.br\/news\/wp-json\/wp\/v2\/posts"}],"about":[{"href":"https:\/\/tvtecjundiai.com.br\/news\/wp-json\/wp\/v2\/types\/post"}],"author":[{"embeddable":true,"href":"https:\/\/tvtecjundiai.com.br\/news\/wp-json\/wp\/v2\/users\/28"}],"replies":[{"embeddable":true,"href":"https:\/\/tvtecjundiai.com.br\/news\/wp-json\/wp\/v2\/comments?post=78300"}],"version-history":[{"count":2,"href":"https:\/\/tvtecjundiai.com.br\/news\/wp-json\/wp\/v2\/posts\/78300\/revisions"}],"predecessor-version":[{"id":78308,"href":"https:\/\/tvtecjundiai.com.br\/news\/wp-json\/wp\/v2\/posts\/78300\/revisions\/78308"}],"wp:featuredmedia":[{"embeddable":true,"href":"https:\/\/tvtecjundiai.com.br\/news\/wp-json\/wp\/v2\/media\/78307"}],"wp:attachment":[{"href":"https:\/\/tvtecjundiai.com.br\/news\/wp-json\/wp\/v2\/media?parent=78300"}],"wp:term":[{"taxonomy":"category","embeddable":true,"href":"https:\/\/tvtecjundiai.com.br\/news\/wp-json\/wp\/v2\/categories?post=78300"},{"taxonomy":"post_tag","embeddable":true,"href":"https:\/\/tvtecjundiai.com.br\/news\/wp-json\/wp\/v2\/tags?post=78300"}],"curies":[{"name":"wp","href":"https:\/\/api.w.org\/{rel}","templated":true}]}}