{"id":7831,"date":"2018-03-22T13:37:22","date_gmt":"2018-03-22T16:37:22","guid":{"rendered":"https:\/\/tvtecjundiai.com.br\/news\/?p=7831"},"modified":"2018-03-22T13:37:22","modified_gmt":"2018-03-22T16:37:22","slug":"cultura-ceu-das-artes-e-polytheama-tem-espetaculos-gratuitos","status":"publish","type":"post","link":"https:\/\/tvtecjundiai.com.br\/news\/2018\/03\/22\/cultura-ceu-das-artes-e-polytheama-tem-espetaculos-gratuitos\/","title":{"rendered":"Cultura: CEU das artes e Polytheama t\u00eam espet\u00e1culos gratuitos"},"content":{"rendered":"<p>Em comemora\u00e7\u00e3o ao Dia do Circo (27 de mar\u00e7o), neste fim de semana, a cidade vai promover atra\u00e7\u00f5es gratuitas no Teatro Polythema e CEU das Artes para o p\u00fablico infantil com tem\u00e1tica circense. Confira a programa\u00e7\u00e3o:<\/p>\n<p>O Centro de Artes e Esportes Unificados (CEU) do bairro Vista Alegre recebe no pr\u00f3ximo s\u00e1bado (24) o espet\u00e1culo \u201cO Circo atrapalhado do senhor Adolfo\u201d. O espet\u00e1culo voltado para o p\u00fablico infantil come\u00e7a \u00e0s 14h e conta a hist\u00f3ria do dono de um circo que, de tanto maltratar seus funcion\u00e1rios, \u00e9 abandonado no picadeiro e deve levar adiante o espet\u00e1culo, contanto somente com a ajuda da palha\u00e7a Bergamota. O CEU das Artes fica na rua cabo Edivaldo Quirino Santana, 46-110, bairro Vista Alegre.<\/p>\n<div id=\"attachment_7837\" style=\"width: 409px\" class=\"wp-caption alignleft\"><a href=\"https:\/\/tvtecjundiai.com.br\/news\/wp-content\/uploads\/sites\/2\/2018\/03\/circo_do_sr_adolfo-4.jpg\"><img loading=\"lazy\" decoding=\"async\" aria-describedby=\"caption-attachment-7837\" class=\"wp-image-7837\" src=\"https:\/\/tvtecjundiai.com.br\/news\/wp-content\/uploads\/sites\/2\/2018\/03\/circo_do_sr_adolfo-4-300x200.jpg\" alt=\"\" width=\"399\" height=\"266\" srcset=\"https:\/\/tvtecjundiai.com.br\/news\/wp-content\/uploads\/sites\/2\/2018\/03\/circo_do_sr_adolfo-4-300x200.jpg 300w, https:\/\/tvtecjundiai.com.br\/news\/wp-content\/uploads\/sites\/2\/2018\/03\/circo_do_sr_adolfo-4-768x512.jpg 768w, https:\/\/tvtecjundiai.com.br\/news\/wp-content\/uploads\/sites\/2\/2018\/03\/circo_do_sr_adolfo-4.jpg 960w\" sizes=\"auto, (max-width: 399px) 100vw, 399px\" \/><\/a><p id=\"caption-attachment-7837\" class=\"wp-caption-text\">O Dia do Circo \u00e9 comemorado em 27 de Mar\u00e7o<\/p><\/div>\n<p>J\u00e1 o Teatro Polytheama ter\u00e1 mais um espet\u00e1culo gratuito pelo programa \u201cMatin\u00ea no Poly\u201d neste domingo (25). Desta vez, a pe\u00e7a \u201cCirco de Bonecos\u201d traz para o p\u00fablico infantil, a partir das 16h, a hist\u00f3ria de dois amigos que decidem brincar de circo na sala de casa, recriando o mundo maravilhoso do circo dentro do universo das fantasias e brincadeiras infantis.<\/p>\n<p>O espet\u00e1culo tem classifica\u00e7\u00e3o livre e dura\u00e7\u00e3o de 60 minutos. Os ingressos gratuitos ser\u00e3o distribu\u00eddos a partir deste s\u00e1bado (24), das 14h \u00e0s 17h, e no dia do espet\u00e1culo, a partir das 14h. Cada pessoa que for retirar \u00e0 bilheteira poder\u00e1 retirar at\u00e9 dois ingressos.O Teatro Polytheama fica na rua Bar\u00e3o de Jundia\u00ed, 176, Centro.<\/p>\n<p><strong>Dia do Circo<\/strong><br \/>\nNa ter\u00e7a-feira (27), das 10h \u00e0s 17h, \u00e9 a vez da Pra\u00e7a Governador Pedro de Toledo, a Pra\u00e7a da Matriz, virar picadeiro, com programa\u00e7\u00e3o circense gratuita. A agenda cultural completa em Jundia\u00ed pode ser conferidas no Aplicativo Jundia\u00ed, ferramenta que pode ser baixada em qualquer smartphone\u00a0Android\u00a0ou\u00a0iPhone.<\/p>\n<p><em>(Fonte: Prefeitura de Jundia\u00ed)<\/em><\/p>\n","protected":false},"excerpt":{"rendered":"<p>As atra\u00e7\u00f5es s\u00e3o em comemora\u00e7\u00e3o ao Dia do Circo <\/p>\n","protected":false},"author":11,"featured_media":7836,"comment_status":"closed","ping_status":"closed","sticky":false,"template":"","format":"standard","meta":{"footnotes":""},"categories":[1],"tags":[],"class_list":["post-7831","post","type-post","status-publish","format-standard","has-post-thumbnail","hentry","category-noticias"],"_links":{"self":[{"href":"https:\/\/tvtecjundiai.com.br\/news\/wp-json\/wp\/v2\/posts\/7831","targetHints":{"allow":["GET"]}}],"collection":[{"href":"https:\/\/tvtecjundiai.com.br\/news\/wp-json\/wp\/v2\/posts"}],"about":[{"href":"https:\/\/tvtecjundiai.com.br\/news\/wp-json\/wp\/v2\/types\/post"}],"author":[{"embeddable":true,"href":"https:\/\/tvtecjundiai.com.br\/news\/wp-json\/wp\/v2\/users\/11"}],"replies":[{"embeddable":true,"href":"https:\/\/tvtecjundiai.com.br\/news\/wp-json\/wp\/v2\/comments?post=7831"}],"version-history":[{"count":3,"href":"https:\/\/tvtecjundiai.com.br\/news\/wp-json\/wp\/v2\/posts\/7831\/revisions"}],"predecessor-version":[{"id":7839,"href":"https:\/\/tvtecjundiai.com.br\/news\/wp-json\/wp\/v2\/posts\/7831\/revisions\/7839"}],"wp:featuredmedia":[{"embeddable":true,"href":"https:\/\/tvtecjundiai.com.br\/news\/wp-json\/wp\/v2\/media\/7836"}],"wp:attachment":[{"href":"https:\/\/tvtecjundiai.com.br\/news\/wp-json\/wp\/v2\/media?parent=7831"}],"wp:term":[{"taxonomy":"category","embeddable":true,"href":"https:\/\/tvtecjundiai.com.br\/news\/wp-json\/wp\/v2\/categories?post=7831"},{"taxonomy":"post_tag","embeddable":true,"href":"https:\/\/tvtecjundiai.com.br\/news\/wp-json\/wp\/v2\/tags?post=7831"}],"curies":[{"name":"wp","href":"https:\/\/api.w.org\/{rel}","templated":true}]}}