{"id":78330,"date":"2021-06-28T18:52:11","date_gmt":"2021-06-28T21:52:11","guid":{"rendered":"https:\/\/tvtecjundiai.com.br\/news\/?p=78330"},"modified":"2021-06-28T18:52:15","modified_gmt":"2021-06-28T21:52:15","slug":"poder-e-participacao-politica-e-o-tema-do-encontro-mulher-especial-2021","status":"publish","type":"post","link":"https:\/\/tvtecjundiai.com.br\/news\/2021\/06\/28\/poder-e-participacao-politica-e-o-tema-do-encontro-mulher-especial-2021\/","title":{"rendered":"Poder e participa\u00e7\u00e3o pol\u00edtica \u00e9 o tema do encontro Mulher Especial 2021"},"content":{"rendered":"\n<p>Acontece nesta ter\u00e7a-feira (29), a partir das 19h30, mais uma videoconfer\u00eancia da programa\u00e7\u00e3o especial sobre mulheres proposta pela Assessoria de Pol\u00edticas para Mulheres da Unidade de Gest\u00e3o da Casa Civil (UGCC) e pela Unidade de Gest\u00e3o de Cultura (UGC). O tema dessa edi\u00e7\u00e3o ser\u00e1 \u201cPoder e participa\u00e7\u00e3o pol\u00edtica: promover o fortalecimento das mulheres nos espa\u00e7os de poder e decis\u00e3o\u201d.<\/p>\n\n\n\n<p>A transmiss\u00e3o ao vivo ser\u00e1 pelos canais da Cultura no Facebook e Youtube e ser\u00e1 o quarto encontro tem\u00e1tico da s\u00e9rie Mulher Especial 2021, iniciada em mar\u00e7o, m\u00eas das Mulheres, e contar\u00e1 com as participa\u00e7\u00f5es de Isabella Pessoti, Secret\u00e1ria de Cultura de Ribeir\u00e3o Preto; Simone Zanotello, Gestora da Unidade de Gest\u00e3o de Administra\u00e7\u00e3o de Pessoas (UGAP) da Prefeitura de Jundia\u00ed e da advogada Gisele Fleury Lemos.<\/p>\n\n\n\n<p>Ainda nesta noite acontecer\u00e1 a performance da artista Duda Ohoe, contadora de \u201ccausos\u201d e hist\u00f3rias. &nbsp;A apresenta\u00e7\u00e3o ser\u00e1 mediada pela assessora de Pol\u00edticas para Mulheres, Penha Camunhas Martins, e pelo gestor da UGC, Marcelo Peroni, e contar\u00e1 com a tradu\u00e7\u00e3o simult\u00e2nea em L\u00edngua brasileira de sinais (Libras).<\/p>\n\n\n\n<p><strong>Mais lives<\/strong><br>At\u00e9 o fim do ano, est\u00e3o previstos novos encontros on-line mensais, com convidados e artistas especiais, com os temas: a igualdade entre homens e mulheres; a vida da Mulher no meio rural; o enfrentamento a desigualdades e \u00e0 viol\u00eancia contra as mulheres; Direitos Humanos e a Sa\u00fade da Mulher.<\/p>\n\n\n\n<p><em>(Texto\/Imagem: Prefeitura de Jundia\u00ed)<\/em><\/p>\n","protected":false},"excerpt":{"rendered":"<p>Acontece nesta ter\u00e7a-feira (29), a partir das 19h30, videoconfer\u00eancia da programa\u00e7\u00e3o especial sobre mulheres<\/p>\n","protected":false},"author":28,"featured_media":78331,"comment_status":"closed","ping_status":"closed","sticky":false,"template":"","format":"standard","meta":{"footnotes":""},"categories":[8356,1],"tags":[],"class_list":["post-78330","post","type-post","status-publish","format-standard","has-post-thumbnail","hentry","category-jundiai","category-noticias"],"_links":{"self":[{"href":"https:\/\/tvtecjundiai.com.br\/news\/wp-json\/wp\/v2\/posts\/78330","targetHints":{"allow":["GET"]}}],"collection":[{"href":"https:\/\/tvtecjundiai.com.br\/news\/wp-json\/wp\/v2\/posts"}],"about":[{"href":"https:\/\/tvtecjundiai.com.br\/news\/wp-json\/wp\/v2\/types\/post"}],"author":[{"embeddable":true,"href":"https:\/\/tvtecjundiai.com.br\/news\/wp-json\/wp\/v2\/users\/28"}],"replies":[{"embeddable":true,"href":"https:\/\/tvtecjundiai.com.br\/news\/wp-json\/wp\/v2\/comments?post=78330"}],"version-history":[{"count":1,"href":"https:\/\/tvtecjundiai.com.br\/news\/wp-json\/wp\/v2\/posts\/78330\/revisions"}],"predecessor-version":[{"id":78332,"href":"https:\/\/tvtecjundiai.com.br\/news\/wp-json\/wp\/v2\/posts\/78330\/revisions\/78332"}],"wp:featuredmedia":[{"embeddable":true,"href":"https:\/\/tvtecjundiai.com.br\/news\/wp-json\/wp\/v2\/media\/78331"}],"wp:attachment":[{"href":"https:\/\/tvtecjundiai.com.br\/news\/wp-json\/wp\/v2\/media?parent=78330"}],"wp:term":[{"taxonomy":"category","embeddable":true,"href":"https:\/\/tvtecjundiai.com.br\/news\/wp-json\/wp\/v2\/categories?post=78330"},{"taxonomy":"post_tag","embeddable":true,"href":"https:\/\/tvtecjundiai.com.br\/news\/wp-json\/wp\/v2\/tags?post=78330"}],"curies":[{"name":"wp","href":"https:\/\/api.w.org\/{rel}","templated":true}]}}