{"id":78333,"date":"2021-06-28T19:03:59","date_gmt":"2021-06-28T22:03:59","guid":{"rendered":"https:\/\/tvtecjundiai.com.br\/news\/?p=78333"},"modified":"2021-06-28T19:04:01","modified_gmt":"2021-06-28T22:04:01","slug":"jundiai-registra-seis-obitos-por-covid-19-nesta-segunda-feira-28","status":"publish","type":"post","link":"https:\/\/tvtecjundiai.com.br\/news\/2021\/06\/28\/jundiai-registra-seis-obitos-por-covid-19-nesta-segunda-feira-28\/","title":{"rendered":"Jundia\u00ed registra seis \u00f3bitos por COVID-19 nesta segunda-feira (28)"},"content":{"rendered":"\n<p>A Prefeitura de Jundia\u00ed informa que, nesta segunda-feira (28), seis \u00f3bitos foram contabilizados de residentes na cidade causados pelo Novo Coronav\u00edrus.<\/p>\n\n\n\n<p>Homem, 45 anos, portador de nefropatia cr\u00f4nica. Foi internado no Hospital S\u00e3o Vicente de Paulo (HSV), no dia 23\/05 (maio) e \u00f3bito registrado no dia 27\/06, j\u00e1 positivo para COVID-19.<\/p>\n\n\n\n<p>Homem, 45 anos, sem comorbidades registradas. Foi internado em hospital particular em 16\/06 e \u00f3bito registrado no dia 27\/06, j\u00e1 positivo para COVID-19.<\/p>\n\n\n\n<p>Homem, 92 anos, portador de doen\u00e7a cardiovascular cr\u00f4nica. \u00d3bito registrado em resid\u00eancia em 26\/06. Confirma\u00e7\u00e3o para COVID-19 foi recebida nesta segunda-feira (28).<\/p>\n\n\n\n<p>Homem, 69 anos, sem comorbidades registradas. Foi internado no Hospital S\u00e3o Vicente de Paulo (HSV) no dia 24\/06 e \u00f3bito registrado no dia 25\/06, ainda suspeito. A confirma\u00e7\u00e3o para COVID-19 foi recebida nesta segunda-feira (28).<\/p>\n\n\n\n<p>Homem, 50 anos, sem comorbidades registradas. Foi internado no Hospital S\u00e3o Vicente de Paulo (HSV) no dia 15\/06 e \u00f3bito registrado nesta segunda-feira (28), j\u00e1 positivo para COVID-19.<\/p>\n\n\n\n<p>Homem, 47 anos, portador de doen\u00e7a cardiovascular cr\u00f4nica e diabetes. Foi internado no Hospital S\u00e3o Vicente de Paulo (HSV) no dia 20\/06 e \u00f3bito registrado no dia 21\/06.<\/p>\n\n\n\n<p>At\u00e9 o momento, a cidade registra 1.387 \u00f3bitos causados pela COVID-19 desde o in\u00edcio da pandemia.<\/p>\n\n\n\n<figure class=\"wp-block-image size-large\"><img loading=\"lazy\" decoding=\"async\" width=\"960\" height=\"960\" src=\"https:\/\/tvtecjundiai.com.br\/news\/wp-content\/uploads\/sites\/2\/2021\/06\/slide1-10-960x960.jpg\" alt=\"\" class=\"wp-image-78334\" srcset=\"https:\/\/tvtecjundiai.com.br\/news\/wp-content\/uploads\/sites\/2\/2021\/06\/slide1-10-960x960.jpg 960w, https:\/\/tvtecjundiai.com.br\/news\/wp-content\/uploads\/sites\/2\/2021\/06\/slide1-10-300x300.jpg 300w, https:\/\/tvtecjundiai.com.br\/news\/wp-content\/uploads\/sites\/2\/2021\/06\/slide1-10-100x100.jpg 100w, https:\/\/tvtecjundiai.com.br\/news\/wp-content\/uploads\/sites\/2\/2021\/06\/slide1-10-768x768.jpg 768w, https:\/\/tvtecjundiai.com.br\/news\/wp-content\/uploads\/sites\/2\/2021\/06\/slide1-10.jpg 1280w\" sizes=\"auto, (max-width: 960px) 100vw, 960px\" \/><\/figure>\n\n\n\n<figure class=\"wp-block-image size-large\"><img loading=\"lazy\" decoding=\"async\" width=\"960\" height=\"960\" src=\"https:\/\/tvtecjundiai.com.br\/news\/wp-content\/uploads\/sites\/2\/2021\/06\/slide2-10-960x960.jpg\" alt=\"\" class=\"wp-image-78335\" srcset=\"https:\/\/tvtecjundiai.com.br\/news\/wp-content\/uploads\/sites\/2\/2021\/06\/slide2-10-960x960.jpg 960w, https:\/\/tvtecjundiai.com.br\/news\/wp-content\/uploads\/sites\/2\/2021\/06\/slide2-10-300x300.jpg 300w, https:\/\/tvtecjundiai.com.br\/news\/wp-content\/uploads\/sites\/2\/2021\/06\/slide2-10-100x100.jpg 100w, https:\/\/tvtecjundiai.com.br\/news\/wp-content\/uploads\/sites\/2\/2021\/06\/slide2-10-768x768.jpg 768w, https:\/\/tvtecjundiai.com.br\/news\/wp-content\/uploads\/sites\/2\/2021\/06\/slide2-10.jpg 1280w\" sizes=\"auto, (max-width: 960px) 100vw, 960px\" \/><\/figure>\n\n\n\n<p><em>(Texto\/Imagem: Prefeitura de Jundia\u00ed)<\/em><\/p>\n","protected":false},"excerpt":{"rendered":"<p>At\u00e9 o momento, a cidade registra 1.387 \u00f3bitos causados pela COVID-19 desde o in\u00edcio da pandemia<\/p>\n","protected":false},"author":28,"featured_media":74773,"comment_status":"closed","ping_status":"closed","sticky":false,"template":"","format":"standard","meta":{"footnotes":""},"categories":[8356,1],"tags":[],"class_list":["post-78333","post","type-post","status-publish","format-standard","has-post-thumbnail","hentry","category-jundiai","category-noticias"],"_links":{"self":[{"href":"https:\/\/tvtecjundiai.com.br\/news\/wp-json\/wp\/v2\/posts\/78333","targetHints":{"allow":["GET"]}}],"collection":[{"href":"https:\/\/tvtecjundiai.com.br\/news\/wp-json\/wp\/v2\/posts"}],"about":[{"href":"https:\/\/tvtecjundiai.com.br\/news\/wp-json\/wp\/v2\/types\/post"}],"author":[{"embeddable":true,"href":"https:\/\/tvtecjundiai.com.br\/news\/wp-json\/wp\/v2\/users\/28"}],"replies":[{"embeddable":true,"href":"https:\/\/tvtecjundiai.com.br\/news\/wp-json\/wp\/v2\/comments?post=78333"}],"version-history":[{"count":1,"href":"https:\/\/tvtecjundiai.com.br\/news\/wp-json\/wp\/v2\/posts\/78333\/revisions"}],"predecessor-version":[{"id":78336,"href":"https:\/\/tvtecjundiai.com.br\/news\/wp-json\/wp\/v2\/posts\/78333\/revisions\/78336"}],"wp:featuredmedia":[{"embeddable":true,"href":"https:\/\/tvtecjundiai.com.br\/news\/wp-json\/wp\/v2\/media\/74773"}],"wp:attachment":[{"href":"https:\/\/tvtecjundiai.com.br\/news\/wp-json\/wp\/v2\/media?parent=78333"}],"wp:term":[{"taxonomy":"category","embeddable":true,"href":"https:\/\/tvtecjundiai.com.br\/news\/wp-json\/wp\/v2\/categories?post=78333"},{"taxonomy":"post_tag","embeddable":true,"href":"https:\/\/tvtecjundiai.com.br\/news\/wp-json\/wp\/v2\/tags?post=78333"}],"curies":[{"name":"wp","href":"https:\/\/api.w.org\/{rel}","templated":true}]}}