{"id":78337,"date":"2021-06-29T09:22:16","date_gmt":"2021-06-29T12:22:16","guid":{"rendered":"https:\/\/tvtecjundiai.com.br\/news\/?p=78337"},"modified":"2021-06-29T09:22:18","modified_gmt":"2021-06-29T12:22:18","slug":"com-investimento-de-r4-milhoes-cece-ovideo-bueno-tera-ginasio-e-melhorias-em-seguranca","status":"publish","type":"post","link":"https:\/\/tvtecjundiai.com.br\/news\/2021\/06\/29\/com-investimento-de-r4-milhoes-cece-ovideo-bueno-tera-ginasio-e-melhorias-em-seguranca\/","title":{"rendered":"Com investimento de R$4 milh\u00f5es, CECE Ov\u00eddeo Bueno ter\u00e1 gin\u00e1sio e melhorias em seguran\u00e7a"},"content":{"rendered":"\n<p>Ap\u00f3s tr\u00eas reuni\u00f5es com moradores da Vila Liberdade, na regi\u00e3o da Vila Rio Branco, o investimento de R$ 4 milh\u00f5es para a constru\u00e7\u00e3o de um gin\u00e1sio poliesportivo, reforma completa da pra\u00e7a e melhorias em seguran\u00e7a \u00e9 aprovado pelos moradores. O encontro, realizado no Pa\u00e7o Municipal, nesta segunda-feira (28), com representantes do bairro, Prefeito Luiz Fernando Machado e gestores da Prefeitura de Jundia\u00ed contempla as solicita\u00e7\u00f5es dos moradores em rela\u00e7\u00e3o \u00e0 preserva\u00e7\u00e3o das \u00e1rvores e atende \u00e0 demanda de espa\u00e7o de qualidade para a pr\u00e1tica esportiva e de \u00e1rea de lazer para as fam\u00edlias da regi\u00e3o, al\u00e9m de tornar o espa\u00e7o mais seguro.<\/p>\n\n\n\n<p>\u201cDepois da comunidade trazer suas demandas, realizamos adequa\u00e7\u00f5es no projeto com a realoca\u00e7\u00e3o da constru\u00e7\u00e3o do gin\u00e1sio poliesportivo e acrescentamos investimentos na recupera\u00e7\u00e3o dos equipamentos existentes e ainda vamos trocar toda a ilumina\u00e7\u00e3o do espa\u00e7o para melhorar a seguran\u00e7a dos moradores, e preservamos as \u00e1rvores e o parquinho. \u00c9 um investimento que trar\u00e1 benef\u00edcios para as todas as idades, principalmente as crian\u00e7as, que ter\u00e3o mais espa\u00e7o para as atividades ao ar livre com seguran\u00e7a, e aos idosos, que poder\u00e3o levar os netos \u00e0 pra\u00e7a e caminhar com tranquilidade\u201d, comentou o prefeito Luiz Fernando Machado.<\/p>\n\n\n\n<div class=\"wp-block-image\"><figure class=\"aligncenter size-large\"><img loading=\"lazy\" decoding=\"async\" width=\"1200\" height=\"800\" src=\"https:\/\/tvtecjundiai.com.br\/news\/wp-content\/uploads\/sites\/2\/2021\/06\/reuniao-centro-de-excelencia-com-prefeito-4-1-1200x800.jpg\" alt=\"\" class=\"wp-image-78339\" srcset=\"https:\/\/tvtecjundiai.com.br\/news\/wp-content\/uploads\/sites\/2\/2021\/06\/reuniao-centro-de-excelencia-com-prefeito-4-1-1200x800.jpg 1200w, https:\/\/tvtecjundiai.com.br\/news\/wp-content\/uploads\/sites\/2\/2021\/06\/reuniao-centro-de-excelencia-com-prefeito-4-1-300x200.jpg 300w, https:\/\/tvtecjundiai.com.br\/news\/wp-content\/uploads\/sites\/2\/2021\/06\/reuniao-centro-de-excelencia-com-prefeito-4-1-768x512.jpg 768w, https:\/\/tvtecjundiai.com.br\/news\/wp-content\/uploads\/sites\/2\/2021\/06\/reuniao-centro-de-excelencia-com-prefeito-4-1.jpg 1280w\" sizes=\"auto, (max-width: 1200px) 100vw, 1200px\" \/><figcaption>Reuni\u00e3o foi realizada no final da tarde de segunda-feira (28), no audit\u00f3rio do Pa\u00e7o Municipal<\/figcaption><\/figure><\/div>\n\n\n\n<p>A adequa\u00e7\u00e3o ao projeto ser\u00e1 submetida ao Minist\u00e9rio do Esporte para a valida\u00e7\u00e3o das modifica\u00e7\u00f5es. \u201cA \u00e1rea \u00e9 a mesma, apenas foi reorganizada a disposi\u00e7\u00e3o do pr\u00e9dio na \u00e1rea do Complexo Esportivo, que al\u00e9m de receber um gin\u00e1sio poliesportivo moderno, contar\u00e1 com a revitaliza\u00e7\u00e3o de duas quadras e a constru\u00e7\u00e3o de um campo society. A pra\u00e7a Rildo Michel Martho tamb\u00e9m receber\u00e1 ilumina\u00e7\u00e3o em LED e revitaliza\u00e7\u00e3o. O projeto tem prazo at\u00e9 o final do ano para constru\u00e7\u00e3o\u201d, completa o gestor da Unidade de Gest\u00e3o Infraestrutura e Servi\u00e7os P\u00fablicos (UGISP), Adilson Rosa.<\/p>\n\n\n\n<p>De acordo com o gestor da Unidade de Governo e Finan\u00e7as (UGGF), Jos\u00e9 Antonio Parimoschi, essas obras e adequa\u00e7\u00f5es seguir\u00e3o o conceito da Rede Latino-Americana \u2013 Cidade das Crian\u00e7as e Urban 95, das quais Jundia\u00ed \u00e9 integrante. \u201cA expans\u00e3o do Complexo esportivo tradicional de Jundia\u00ed agregar\u00e1 mais espa\u00e7os qualificados, renovados, integrados ao conceito Cidade das Crian\u00e7as e \u00e0s necessidades de uma Cidade Inteligente, com ilumina\u00e7\u00e3o moderna entre outros servi\u00e7os\u201d, detalha.<\/p>\n\n\n\n<p>O gestor da Unidade de Gest\u00e3o de Esporte e Lazer (UGEL), Luiz Cl\u00e1udio Tarallo, ressaltou import\u00e2ncia espa\u00e7o para todos. \u201c\u00c9 um gin\u00e1sio moderno, que servir\u00e1 de espa\u00e7o para desenvolvimento de habilidades esportivas entre crian\u00e7as, jovens e adultos \u201c, avalia.<\/p>\n\n\n\n<div class=\"wp-block-image\"><figure class=\"aligncenter size-large\"><img loading=\"lazy\" decoding=\"async\" width=\"1200\" height=\"801\" src=\"https:\/\/tvtecjundiai.com.br\/news\/wp-content\/uploads\/sites\/2\/2021\/06\/reuniao-centro-de-excelencia-com-prefeito-62-1200x801.jpg\" alt=\"\" class=\"wp-image-78340\" srcset=\"https:\/\/tvtecjundiai.com.br\/news\/wp-content\/uploads\/sites\/2\/2021\/06\/reuniao-centro-de-excelencia-com-prefeito-62-1200x801.jpg 1200w, https:\/\/tvtecjundiai.com.br\/news\/wp-content\/uploads\/sites\/2\/2021\/06\/reuniao-centro-de-excelencia-com-prefeito-62-300x200.jpg 300w, https:\/\/tvtecjundiai.com.br\/news\/wp-content\/uploads\/sites\/2\/2021\/06\/reuniao-centro-de-excelencia-com-prefeito-62-768x512.jpg 768w, https:\/\/tvtecjundiai.com.br\/news\/wp-content\/uploads\/sites\/2\/2021\/06\/reuniao-centro-de-excelencia-com-prefeito-62.jpg 1280w\" sizes=\"auto, (max-width: 1200px) 100vw, 1200px\" \/><figcaption>Dona Sandra Maria Foelkel Pavan ficou satisfeita com as altera\u00e7\u00f5es realizadas no projeto, adequando o parque, o gin\u00e1sio e a preserva\u00e7\u00e3o das \u00e1rvores<\/figcaption><\/figure><\/div>\n\n\n\n<p>Sandra Maria Foelkel Pavan, 69 anos, ficou satisfeita com as altera\u00e7\u00f5es realizadas no projeto. \u201cEu conhe\u00e7o a hist\u00f3ria daquela pra\u00e7a. S\u00e3o 41 anos morando no bairro onde criei meus filhos. Saber que as \u00e1rvores ser\u00e3o preservadas e as crian\u00e7as ganhar\u00e3o um espa\u00e7o para o esporte em um ambiente que deixar\u00e1 o bairro mais seguro, \u00e9 \u00f3timo\u201d, comenta.<\/p>\n\n\n\n<p>Tamb\u00e9m morador no bairro h\u00e1 quatro d\u00e9cadas, Sebasti\u00e3o Bezerra, 66 anos, enalteceu o consenso. \u201cN\u00f3s queremos um bairro melhor. O investimento trar\u00e1 mais seguran\u00e7a e qualidade para quem mora ali e usa a pra\u00e7a e o espa\u00e7o de esportes\u201d, explica.<\/p>\n\n\n\n<p>A reuni\u00e3o contou com a participa\u00e7\u00e3o do vice-prefeito Gustavo Martinelli e os vereadores presidente da C\u00e2mara Faouaz Taha, Qu\u00e9zia de Lucca e Jos\u00e9 Ant\u00f4nio Kachan Junior.<\/p>\n\n\n\n<p><em>(Fonte\/Imagem: Prefeitura de Jundia\u00ed)<\/em><\/p>\n","protected":false},"excerpt":{"rendered":"<p>O investimento contempla as solicita\u00e7\u00f5es dos moradores da regi\u00e3o.<\/p>\n","protected":false},"author":25,"featured_media":78339,"comment_status":"closed","ping_status":"closed","sticky":false,"template":"","format":"standard","meta":{"footnotes":""},"categories":[2827,1],"tags":[],"class_list":["post-78337","post","type-post","status-publish","format-standard","has-post-thumbnail","hentry","category-esportes-e-lazer","category-noticias"],"_links":{"self":[{"href":"https:\/\/tvtecjundiai.com.br\/news\/wp-json\/wp\/v2\/posts\/78337","targetHints":{"allow":["GET"]}}],"collection":[{"href":"https:\/\/tvtecjundiai.com.br\/news\/wp-json\/wp\/v2\/posts"}],"about":[{"href":"https:\/\/tvtecjundiai.com.br\/news\/wp-json\/wp\/v2\/types\/post"}],"author":[{"embeddable":true,"href":"https:\/\/tvtecjundiai.com.br\/news\/wp-json\/wp\/v2\/users\/25"}],"replies":[{"embeddable":true,"href":"https:\/\/tvtecjundiai.com.br\/news\/wp-json\/wp\/v2\/comments?post=78337"}],"version-history":[{"count":1,"href":"https:\/\/tvtecjundiai.com.br\/news\/wp-json\/wp\/v2\/posts\/78337\/revisions"}],"predecessor-version":[{"id":78341,"href":"https:\/\/tvtecjundiai.com.br\/news\/wp-json\/wp\/v2\/posts\/78337\/revisions\/78341"}],"wp:featuredmedia":[{"embeddable":true,"href":"https:\/\/tvtecjundiai.com.br\/news\/wp-json\/wp\/v2\/media\/78339"}],"wp:attachment":[{"href":"https:\/\/tvtecjundiai.com.br\/news\/wp-json\/wp\/v2\/media?parent=78337"}],"wp:term":[{"taxonomy":"category","embeddable":true,"href":"https:\/\/tvtecjundiai.com.br\/news\/wp-json\/wp\/v2\/categories?post=78337"},{"taxonomy":"post_tag","embeddable":true,"href":"https:\/\/tvtecjundiai.com.br\/news\/wp-json\/wp\/v2\/tags?post=78337"}],"curies":[{"name":"wp","href":"https:\/\/api.w.org\/{rel}","templated":true}]}}