{"id":78352,"date":"2021-06-29T12:21:45","date_gmt":"2021-06-29T15:21:45","guid":{"rendered":"https:\/\/tvtecjundiai.com.br\/news\/?p=78352"},"modified":"2021-06-29T12:21:51","modified_gmt":"2021-06-29T15:21:51","slug":"aspectos-da-covid-19-na-gestacao-sao-abordados-em-encontro-virtual-da-saude-de-jundiai","status":"publish","type":"post","link":"https:\/\/tvtecjundiai.com.br\/news\/2021\/06\/29\/aspectos-da-covid-19-na-gestacao-sao-abordados-em-encontro-virtual-da-saude-de-jundiai\/","title":{"rendered":"Aspectos da COVID-19 na gesta\u00e7\u00e3o s\u00e3o abordados em encontro virtual da Sa\u00fade de Jundia\u00ed"},"content":{"rendered":"\n<p>Com a cria\u00e7\u00e3o do Comit\u00ea Cient\u00edfico de Jundia\u00ed, pela Prefeitura de Jundia\u00ed, a cidade agrega oportunidades de dissemina\u00e7\u00e3o de conhecimento entre os profissionais da rede de Sa\u00fade p\u00fablica. Nesta segunda-feira (28), aspectos do Novo Coronav\u00edrus e a gesta\u00e7\u00e3o foram abordados em \u2018webmeeting\u2019 com a rede de Sa\u00fade municipal.<\/p>\n\n\n\n<p>Com a participa\u00e7\u00e3o do gestor de Promo\u00e7\u00e3o da Sa\u00fade (UGPS) Tiago Texera, Diretor da Faculdade de Medicina de Jundia\u00ed (FMJ) Evaldo Marchi, da vice-diretora da FMJ Dra Ana Carolina Marchesini, refer\u00eancia t\u00e9cnica em Ginecologia e Obstetr\u00edcia da UGPS \u00c9rika Pimenta e do m\u00e9dico integrante do Comit\u00ea Cient\u00edfico de Jundia\u00ed para estudos da COVID-19, Raphael Prudente, os especialistas Dra B\u00e1rbara Emoingt Furtado (Astrazeneca), m\u00e9dica da Universidade Federal de Minal Gerais (UFMG) Dra Regina Am\u00e9lia Lopes Pessoa de Aguiar e Dr Ant\u00f4nio Fernandes Moron, coordenador do Servi\u00e7o de Medicina Fetal do Hospital e Maternidade Santa Joana, apresentaram dados sobre a import\u00e2ncia da vacina\u00e7\u00e3o de gestantes no enfrentamento \u00e0 COVID-19 e a avalia\u00e7\u00e3o dos fatores de risco e seguimento do cuidado \u00e0 doen\u00e7a em gestantes.<\/p>\n\n\n\n<figure class=\"wp-block-image size-large\"><img loading=\"lazy\" decoding=\"async\" width=\"1200\" height=\"799\" src=\"https:\/\/tvtecjundiai.com.br\/news\/wp-content\/uploads\/sites\/2\/2021\/06\/saude-gestante_b_-2-1200x799.jpg\" alt=\"\" class=\"wp-image-78353\" srcset=\"https:\/\/tvtecjundiai.com.br\/news\/wp-content\/uploads\/sites\/2\/2021\/06\/saude-gestante_b_-2-1200x799.jpg 1200w, https:\/\/tvtecjundiai.com.br\/news\/wp-content\/uploads\/sites\/2\/2021\/06\/saude-gestante_b_-2-300x200.jpg 300w, https:\/\/tvtecjundiai.com.br\/news\/wp-content\/uploads\/sites\/2\/2021\/06\/saude-gestante_b_-2-768x511.jpg 768w, https:\/\/tvtecjundiai.com.br\/news\/wp-content\/uploads\/sites\/2\/2021\/06\/saude-gestante_b_-2.jpg 1259w\" sizes=\"auto, (max-width: 1200px) 100vw, 1200px\" \/><figcaption>Encontro foi realizado virtualmente com a participa\u00e7\u00e3o de profissionais da rede de sa\u00fade de Jundia\u00ed e especialistas nacionais<\/figcaption><\/figure>\n\n\n\n<p>\u201cOs encontros ter\u00e3o como foco a dissemina\u00e7\u00e3o de conhecimento entre os servi\u00e7os da Rede. O tema inicial ressalta a import\u00e2ncia da vacina\u00e7\u00e3o e da aten\u00e7\u00e3o \u00e0 gestante em decorr\u00eancia da COVID-19. \u00c9 um grupo de pacientes com caracter\u00edsticas distintas do restante da popula\u00e7\u00e3o, que ainda tem muitas d\u00favida em rela\u00e7\u00e3o \u00e0 vacina\u00e7\u00e3o e que est\u00e1 com baixa ades\u00e3o \u00e0 vacina, mas que tem apresentado aumento no risco de complica\u00e7\u00f5es quando infectadas pela COVID-19\u201d, detalha Prudente.<\/p>\n\n\n\n<p>Os pr\u00f3ximos encontros est\u00e3o agendados para os meses de julho e agosto, abordando outros temas importantes no enfrentamento \u00e0 pandemia.<\/p>\n\n\n\n<p><em>(Texto\/Imagem: Prefeitura de Jundia\u00ed)<\/em><\/p>\n","protected":false},"excerpt":{"rendered":"<p>Nesta segunda-feira (28), aspectos do Novo Coronav\u00edrus e a gesta\u00e7\u00e3o foram abordados em \u2018webmeeting\u2019<\/p>\n","protected":false},"author":28,"featured_media":78354,"comment_status":"closed","ping_status":"closed","sticky":false,"template":"","format":"standard","meta":{"footnotes":""},"categories":[8356,1],"tags":[],"class_list":["post-78352","post","type-post","status-publish","format-standard","has-post-thumbnail","hentry","category-jundiai","category-noticias"],"_links":{"self":[{"href":"https:\/\/tvtecjundiai.com.br\/news\/wp-json\/wp\/v2\/posts\/78352","targetHints":{"allow":["GET"]}}],"collection":[{"href":"https:\/\/tvtecjundiai.com.br\/news\/wp-json\/wp\/v2\/posts"}],"about":[{"href":"https:\/\/tvtecjundiai.com.br\/news\/wp-json\/wp\/v2\/types\/post"}],"author":[{"embeddable":true,"href":"https:\/\/tvtecjundiai.com.br\/news\/wp-json\/wp\/v2\/users\/28"}],"replies":[{"embeddable":true,"href":"https:\/\/tvtecjundiai.com.br\/news\/wp-json\/wp\/v2\/comments?post=78352"}],"version-history":[{"count":1,"href":"https:\/\/tvtecjundiai.com.br\/news\/wp-json\/wp\/v2\/posts\/78352\/revisions"}],"predecessor-version":[{"id":78355,"href":"https:\/\/tvtecjundiai.com.br\/news\/wp-json\/wp\/v2\/posts\/78352\/revisions\/78355"}],"wp:featuredmedia":[{"embeddable":true,"href":"https:\/\/tvtecjundiai.com.br\/news\/wp-json\/wp\/v2\/media\/78354"}],"wp:attachment":[{"href":"https:\/\/tvtecjundiai.com.br\/news\/wp-json\/wp\/v2\/media?parent=78352"}],"wp:term":[{"taxonomy":"category","embeddable":true,"href":"https:\/\/tvtecjundiai.com.br\/news\/wp-json\/wp\/v2\/categories?post=78352"},{"taxonomy":"post_tag","embeddable":true,"href":"https:\/\/tvtecjundiai.com.br\/news\/wp-json\/wp\/v2\/tags?post=78352"}],"curies":[{"name":"wp","href":"https:\/\/api.w.org\/{rel}","templated":true}]}}