{"id":78357,"date":"2021-06-29T12:25:49","date_gmt":"2021-06-29T15:25:49","guid":{"rendered":"https:\/\/tvtecjundiai.com.br\/news\/?p=78357"},"modified":"2021-06-29T12:25:58","modified_gmt":"2021-06-29T15:25:58","slug":"hospital-sao-vicente-recebe-homenagem-do-presidente-da-camara-de-jundiai","status":"publish","type":"post","link":"https:\/\/tvtecjundiai.com.br\/news\/2021\/06\/29\/hospital-sao-vicente-recebe-homenagem-do-presidente-da-camara-de-jundiai\/","title":{"rendered":"Hospital S\u00e3o Vicente recebe homenagem do presidente da C\u00e2mara de Jundia\u00ed"},"content":{"rendered":"\n<p>No dia 15 de junho, o vereador e presidente da C\u00e2mara Municipal de Jundia\u00ed, Faouaz Taha aprovou requerimento de sua autoria com pedido de \u201cVoto de Congratula\u00e7\u00f5es\u201d ao Hospital de Caridade S\u00e3o Vicente de Paulo (HSV) pelo atendimento prestado \u00e0 popula\u00e7\u00e3o. A aprova\u00e7\u00e3o ocorreu durante a 16\u00aa Sess\u00e3o Ordin\u00e1ria e foi encaminhada ao superintendente do HSV, Matheus Gomes, a fim de que a homenagem seja extensiva a toda equipe m\u00e9dica, de enfermagem e demais colaboradores.<\/p>\n\n\n\n<figure class=\"wp-block-image size-large\"><img loading=\"lazy\" decoding=\"async\" width=\"1200\" height=\"900\" src=\"https:\/\/tvtecjundiai.com.br\/news\/wp-content\/uploads\/sites\/2\/2020\/01\/fachada-do-novo-sao-vicente-1200x900.jpg\" alt=\"\" class=\"wp-image-45209\" srcset=\"https:\/\/tvtecjundiai.com.br\/news\/wp-content\/uploads\/sites\/2\/2020\/01\/fachada-do-novo-sao-vicente-1200x900.jpg 1200w, https:\/\/tvtecjundiai.com.br\/news\/wp-content\/uploads\/sites\/2\/2020\/01\/fachada-do-novo-sao-vicente-300x225.jpg 300w, https:\/\/tvtecjundiai.com.br\/news\/wp-content\/uploads\/sites\/2\/2020\/01\/fachada-do-novo-sao-vicente-768x576.jpg 768w, https:\/\/tvtecjundiai.com.br\/news\/wp-content\/uploads\/sites\/2\/2020\/01\/fachada-do-novo-sao-vicente.jpg 1280w\" sizes=\"auto, (max-width: 1200px) 100vw, 1200px\" \/><\/figure>\n\n\n\n<p>No requerimento s\u00e3o enaltecidos o atendimento prestado pela institui\u00e7\u00e3o \u00e0 popula\u00e7\u00e3o de Jundia\u00ed e regi\u00e3o, cerca de 900 mil habitantes; os esfor\u00e7os do hospital em manter por mais de um ano, durante atual crise sanit\u00e1ria, a dedica\u00e7\u00e3o e empenho para minimizar os efeitos da pandemia; e o not\u00e1vel servi\u00e7o realizado, digno do reconhecimento de toda a sociedade.<\/p>\n\n\n\n<p><em>(Texto\/Imagem: Assessoria de Imprensa)<\/em><\/p>\n","protected":false},"excerpt":{"rendered":"<p>No requerimento s\u00e3o enaltecidos o atendimento prestado pela institui\u00e7\u00e3o \u00e0 popula\u00e7\u00e3o de Jundia\u00ed e regi\u00e3o<\/p>\n","protected":false},"author":28,"featured_media":45209,"comment_status":"closed","ping_status":"closed","sticky":false,"template":"","format":"standard","meta":{"footnotes":""},"categories":[8356,1],"tags":[],"class_list":["post-78357","post","type-post","status-publish","format-standard","has-post-thumbnail","hentry","category-jundiai","category-noticias"],"_links":{"self":[{"href":"https:\/\/tvtecjundiai.com.br\/news\/wp-json\/wp\/v2\/posts\/78357","targetHints":{"allow":["GET"]}}],"collection":[{"href":"https:\/\/tvtecjundiai.com.br\/news\/wp-json\/wp\/v2\/posts"}],"about":[{"href":"https:\/\/tvtecjundiai.com.br\/news\/wp-json\/wp\/v2\/types\/post"}],"author":[{"embeddable":true,"href":"https:\/\/tvtecjundiai.com.br\/news\/wp-json\/wp\/v2\/users\/28"}],"replies":[{"embeddable":true,"href":"https:\/\/tvtecjundiai.com.br\/news\/wp-json\/wp\/v2\/comments?post=78357"}],"version-history":[{"count":1,"href":"https:\/\/tvtecjundiai.com.br\/news\/wp-json\/wp\/v2\/posts\/78357\/revisions"}],"predecessor-version":[{"id":78358,"href":"https:\/\/tvtecjundiai.com.br\/news\/wp-json\/wp\/v2\/posts\/78357\/revisions\/78358"}],"wp:featuredmedia":[{"embeddable":true,"href":"https:\/\/tvtecjundiai.com.br\/news\/wp-json\/wp\/v2\/media\/45209"}],"wp:attachment":[{"href":"https:\/\/tvtecjundiai.com.br\/news\/wp-json\/wp\/v2\/media?parent=78357"}],"wp:term":[{"taxonomy":"category","embeddable":true,"href":"https:\/\/tvtecjundiai.com.br\/news\/wp-json\/wp\/v2\/categories?post=78357"},{"taxonomy":"post_tag","embeddable":true,"href":"https:\/\/tvtecjundiai.com.br\/news\/wp-json\/wp\/v2\/tags?post=78357"}],"curies":[{"name":"wp","href":"https:\/\/api.w.org\/{rel}","templated":true}]}}