{"id":78359,"date":"2021-06-29T12:47:59","date_gmt":"2021-06-29T15:47:59","guid":{"rendered":"https:\/\/tvtecjundiai.com.br\/news\/?p=78359"},"modified":"2021-06-29T12:48:00","modified_gmt":"2021-06-29T15:48:00","slug":"festa-em-homenagem-a-sao-pedro-e-celebrada-por-paroquia-da-vila-comercial","status":"publish","type":"post","link":"https:\/\/tvtecjundiai.com.br\/news\/2021\/06\/29\/festa-em-homenagem-a-sao-pedro-e-celebrada-por-paroquia-da-vila-comercial\/","title":{"rendered":"Festa em homenagem a S\u00e3o Pedro \u00e9 celebrada por par\u00f3quia da Vila Comercial"},"content":{"rendered":"\n<p>A Par\u00f3quia S\u00e3o Pedro Ap\u00f3stolo, na Vila Comercial, em Jundia\u00ed, celebra neste m\u00eas a festa em homenagem ao seu padroeiro. A data a ser comemorada para o santo \u00e9 nesta ter\u00e7a-feira (29), quando tamb\u00e9m se comemora o dia de S\u00e3o Paulo. A festa celebrada pela igreja contar\u00e1 com missas e quermesses no sistema drive-thru.<\/p>\n\n\n\n<p>Confira a programa\u00e7\u00e3o das festas da Par\u00f3quia S\u00e3o Pedro Ap\u00f3stolo:<\/p>\n\n\n\n<p><strong>S\u00e3o Pedro<\/strong><\/p>\n\n\n\n<p><strong>Par\u00f3quia S\u00e3o Pedro Ap\u00f3stolo\/ Jundia\u00ed<\/strong><\/p>\n\n\n\n<p><strong>Tr\u00edduo de S\u00e3o Pedro:<\/strong><\/p>\n\n\n\n<ul class=\"wp-block-list\"><li>29 de junho, \u00e0s 18h30 s\u00e1bado \u2013 Missa.<\/li><li>30 de junho, \u00e0s 9h \u2013 Ter\u00e7o, Prociss\u00e3o e Missa Solene.<\/li><\/ul>\n\n\n\n<p><strong>Quermesse:<\/strong><\/p>\n\n\n\n<ul class=\"wp-block-list\"><li>De 28 de junho a 14 de julho.<\/li><li>Sexta e s\u00e1bado \u00e0s 19h e domingo \u00e0s 11h.<\/li><\/ul>\n\n\n\n<div class=\"wp-block-image\"><figure class=\"aligncenter size-large\"><img loading=\"lazy\" decoding=\"async\" width=\"750\" height=\"450\" src=\"https:\/\/tvtecjundiai.com.br\/news\/wp-content\/uploads\/sites\/2\/2021\/06\/Sao-Pedro.jpg\" alt=\"\" class=\"wp-image-78360\" srcset=\"https:\/\/tvtecjundiai.com.br\/news\/wp-content\/uploads\/sites\/2\/2021\/06\/Sao-Pedro.jpg 750w, https:\/\/tvtecjundiai.com.br\/news\/wp-content\/uploads\/sites\/2\/2021\/06\/Sao-Pedro-300x180.jpg 300w\" sizes=\"auto, (max-width: 750px) 100vw, 750px\" \/><\/figure><\/div>\n\n\n\n<p>Vale lembrar que para participar das missas, o agendamento deve ser feito com anteced\u00eancia, pelos links que est\u00e3o dispon\u00edveis na p\u00e1gina do Facebook: Par\u00f3quia S\u00e3o Pedro Ap\u00f3stolo &#8211; Dioc. de Jundia\u00ed. No domingo (4), ap\u00f3s a celebra\u00e7\u00e3o das 10h, tamb\u00e9m ocorrer\u00e1 a carreata em celebra\u00e7\u00e3o ao santo pelas ruas da regi\u00e3o.<\/p>\n\n\n\n<p>Al\u00e9m da celebra\u00e7\u00e3o religiosa, a tradicional quermesse com vendas de combos para retirada, em sistema drive-thru acontece nos dias 3, 4, 10 e 11 de julho.<\/p>\n\n\n\n<p>Para mais informa\u00e7\u00f5es, entrar em contato pelo telefone (11) 4587-0558 ou diretamente na igreja que fica na rua Ibipor\u00e3, 455.<\/p>\n\n\n\n<p><em>(Texto: TVTEC\/Imagem: Divulga\u00e7\u00e3o)<\/em><\/p>\n","protected":false},"excerpt":{"rendered":"<p>Par\u00f3quia S\u00e3o Pedro Ap\u00f3stolo realiza celebra\u00e7\u00e3o em homenagem ao seu padroeiro<\/p>\n","protected":false},"author":28,"featured_media":78360,"comment_status":"closed","ping_status":"closed","sticky":false,"template":"","format":"standard","meta":{"footnotes":""},"categories":[8356,1],"tags":[],"class_list":["post-78359","post","type-post","status-publish","format-standard","has-post-thumbnail","hentry","category-jundiai","category-noticias"],"_links":{"self":[{"href":"https:\/\/tvtecjundiai.com.br\/news\/wp-json\/wp\/v2\/posts\/78359","targetHints":{"allow":["GET"]}}],"collection":[{"href":"https:\/\/tvtecjundiai.com.br\/news\/wp-json\/wp\/v2\/posts"}],"about":[{"href":"https:\/\/tvtecjundiai.com.br\/news\/wp-json\/wp\/v2\/types\/post"}],"author":[{"embeddable":true,"href":"https:\/\/tvtecjundiai.com.br\/news\/wp-json\/wp\/v2\/users\/28"}],"replies":[{"embeddable":true,"href":"https:\/\/tvtecjundiai.com.br\/news\/wp-json\/wp\/v2\/comments?post=78359"}],"version-history":[{"count":1,"href":"https:\/\/tvtecjundiai.com.br\/news\/wp-json\/wp\/v2\/posts\/78359\/revisions"}],"predecessor-version":[{"id":78361,"href":"https:\/\/tvtecjundiai.com.br\/news\/wp-json\/wp\/v2\/posts\/78359\/revisions\/78361"}],"wp:featuredmedia":[{"embeddable":true,"href":"https:\/\/tvtecjundiai.com.br\/news\/wp-json\/wp\/v2\/media\/78360"}],"wp:attachment":[{"href":"https:\/\/tvtecjundiai.com.br\/news\/wp-json\/wp\/v2\/media?parent=78359"}],"wp:term":[{"taxonomy":"category","embeddable":true,"href":"https:\/\/tvtecjundiai.com.br\/news\/wp-json\/wp\/v2\/categories?post=78359"},{"taxonomy":"post_tag","embeddable":true,"href":"https:\/\/tvtecjundiai.com.br\/news\/wp-json\/wp\/v2\/tags?post=78359"}],"curies":[{"name":"wp","href":"https:\/\/api.w.org\/{rel}","templated":true}]}}